{"id":51038,"date":"2023-01-05T15:18:59","date_gmt":"2023-01-05T18:18:59","guid":{"rendered":"https:\/\/www.todoeldia.com\/?p=51038"},"modified":"2023-01-05T15:19:01","modified_gmt":"2023-01-05T18:19:01","slug":"recapturan-a-un-segundo-preso-fugado-de-la-comisaria-40-de-salvador-mazza","status":"publish","type":"post","link":"https:\/\/www.todoeldia.com\/index.php\/2023\/01\/05\/recapturan-a-un-segundo-preso-fugado-de-la-comisaria-40-de-salvador-mazza\/","title":{"rendered":"Recapturan a un segundo preso fugado \u00a0de la Comisar\u00eda 40 de Salvador Mazza"},"content":{"rendered":"\n<p>El pasado 1 de enero, tres detenidos de la Comisar\u00eda 40 se fugaron de la dependencia y dos de ellos ya fueron recapturados e imputados por el hecho. El fiscal Caz\u00f3n investiga las circunstancias en que se produjo la evasi\u00f3n y solicit\u00f3 la captura nacional e internacional del tercer evadido.<\/p>\n\n\n\n<p>El detenido Gast\u00f3n Gonz\u00e1lez, quien se encontraba alojado en la dependencia por los delitos de amenazas y robo calificado, fue recapturado e imputado este lunes como autor del delito de evasi\u00f3n.<\/p>\n\n\n\n<p>En forma posterior se produjo la detenci\u00f3n e imputaci\u00f3n del evadido Rodrigo Pablo Alfredo Zerda, quien se encontraba detenido por los delitos de atentado a la autoridad y falsificaci\u00f3n de documentos.<\/p>\n\n\n\n<p>Para ambos detenidos se solicit\u00f3 el mantenimiento de su detenci\u00f3n, mientras que, respecto al tercer pr\u00f3fugo, identificado como Ariel Mauricio Serrano, el fiscal Caz\u00f3n se\u00f1al\u00f3 que se trabaja intensamente en su detenci\u00f3n y que solicit\u00f3 ante el Juzgado de Garant\u00edas 1 del distrito, su captura y\/o detenci\u00f3n a nivel nacional e internacional.&nbsp;<\/p>\n","protected":false},"excerpt":{"rendered":"<p>El pasado 1 de enero, tres detenidos de la Comisar\u00eda 40 se fugaron de la dependencia y dos de ellos ya fueron recapturados e imputados por el hecho. El fiscal Caz\u00f3n investiga las circunstancias en que se produjo la evasi\u00f3n y solicit\u00f3 la captura nacional e internacional del tercer evadido. El detenido Gast\u00f3n Gonz\u00e1lez, quien [&hellip;]<\/p>\n","protected":false},"author":2,"featured_media":49139,"comment_status":"open","ping_status":"open","sticky":false,"template":"","format":"standard","meta":{"tdm_status":"","tdm_grid_status":"","_joinchat":[],"footnotes":""},"categories":[63],"tags":[],"class_list":{"0":"post-51038","1":"post","2":"type-post","3":"status-publish","4":"format-standard","5":"has-post-thumbnail","7":"category-policiales"},"amp_enabled":true,"_links":{"self":[{"href":"https:\/\/www.todoeldia.com\/index.php\/wp-json\/wp\/v2\/posts\/51038","targetHints":{"allow":["GET"]}}],"collection":[{"href":"https:\/\/www.todoeldia.com\/index.php\/wp-json\/wp\/v2\/posts"}],"about":[{"href":"https:\/\/www.todoeldia.com\/index.php\/wp-json\/wp\/v2\/types\/post"}],"author":[{"embeddable":true,"href":"https:\/\/www.todoeldia.com\/index.php\/wp-json\/wp\/v2\/users\/2"}],"replies":[{"embeddable":true,"href":"https:\/\/www.todoeldia.com\/index.php\/wp-json\/wp\/v2\/comments?post=51038"}],"version-history":[{"count":1,"href":"https:\/\/www.todoeldia.com\/index.php\/wp-json\/wp\/v2\/posts\/51038\/revisions"}],"predecessor-version":[{"id":51039,"href":"https:\/\/www.todoeldia.com\/index.php\/wp-json\/wp\/v2\/posts\/51038\/revisions\/51039"}],"wp:featuredmedia":[{"embeddable":true,"href":"https:\/\/www.todoeldia.com\/index.php\/wp-json\/wp\/v2\/media\/49139"}],"wp:attachment":[{"href":"https:\/\/www.todoeldia.com\/index.php\/wp-json\/wp\/v2\/media?parent=51038"}],"wp:term":[{"taxonomy":"category","embeddable":true,"href":"https:\/\/www.todoeldia.com\/index.php\/wp-json\/wp\/v2\/categories?post=51038"},{"taxonomy":"post_tag","embeddable":true,"href":"https:\/\/www.todoeldia.com\/index.php\/wp-json\/wp\/v2\/tags?post=51038"}],"curies":[{"name":"wp","href":"https:\/\/api.w.org\/{rel}","templated":true}]}}