{"id":51040,"date":"2023-01-05T15:21:47","date_gmt":"2023-01-05T18:21:47","guid":{"rendered":"https:\/\/www.todoeldia.com\/?p=51040"},"modified":"2023-01-05T15:21:49","modified_gmt":"2023-01-05T18:21:49","slug":"dos-violentos-hermanos-detenidos-tras-evadir-controles-policiales-y-atentar-contra-los-efectivos","status":"publish","type":"post","link":"https:\/\/www.todoeldia.com\/index.php\/2023\/01\/05\/dos-violentos-hermanos-detenidos-tras-evadir-controles-policiales-y-atentar-contra-los-efectivos\/","title":{"rendered":"Dos violentos hermanos detenidos tras evadir  controles policiales y atentar contra los efectivos"},"content":{"rendered":"\n<p>El pasado 1 de enero, los dos acusados circulaban por ruta nacional 68 en una motocicleta y evadieron con maniobras bruscas dos controles policiales y se resistieron de forma violenta, a ser detenidos.<\/p>\n\n\n\n<p>El fiscal penal Daniel Alejandro Escalante, subrogante en la Fiscal\u00eda Penal de Cerrillos en feria, imput\u00f3 en forma provisional a un hombre de 26 a\u00f1os como autor de los delitos de atentado y resistencia a la autoridad en concurso real y a su hermano de 29 a\u00f1os como autor del delito de atentado a la autoridad.<\/p>\n\n\n\n<p>Seg\u00fan consta en las actuaciones, un control policial ubicado en ruta nacional 68, a la altura del cruce con la circunvalaci\u00f3n, detect\u00f3 a dos personas a bordo de una motocicleta y al intentar detenerlos, \u00e9stos huyeron en sentido contrario, realizando maniobras peligrosas.<\/p>\n\n\n\n<p>Los efectivos advirtieron la situaci\u00f3n a un control que se encontraba apostado en el ingreso a Cerrillos, donde los acusados realizaron la misma maniobra evasiva.<\/p>\n\n\n\n<p>Tras una persecuci\u00f3n fueron detenidos, no sin antes oponer resistencia y arrojar elementos contundentes contra los efectivos.<\/p>\n\n\n\n<p>Tras la audiencia de imputaci\u00f3n, desde la Fiscal\u00eda se solicit\u00f3 al Juzgado de Garant\u00edas en feria que los acusados contin\u00faen detenidos.<\/p>\n","protected":false},"excerpt":{"rendered":"<p>El pasado 1 de enero, los dos acusados circulaban por ruta nacional 68 en una motocicleta y evadieron con maniobras bruscas dos controles policiales y se resistieron de forma violenta, a ser detenidos. El fiscal penal Daniel Alejandro Escalante, subrogante en la Fiscal\u00eda Penal de Cerrillos en feria, imput\u00f3 en forma provisional a un hombre [&hellip;]<\/p>\n","protected":false},"author":2,"featured_media":34025,"comment_status":"open","ping_status":"open","sticky":false,"template":"","format":"standard","meta":{"tdm_status":"","tdm_grid_status":"","_joinchat":[],"footnotes":""},"categories":[63],"tags":[],"class_list":{"0":"post-51040","1":"post","2":"type-post","3":"status-publish","4":"format-standard","5":"has-post-thumbnail","7":"category-policiales"},"amp_enabled":true,"_links":{"self":[{"href":"https:\/\/www.todoeldia.com\/index.php\/wp-json\/wp\/v2\/posts\/51040","targetHints":{"allow":["GET"]}}],"collection":[{"href":"https:\/\/www.todoeldia.com\/index.php\/wp-json\/wp\/v2\/posts"}],"about":[{"href":"https:\/\/www.todoeldia.com\/index.php\/wp-json\/wp\/v2\/types\/post"}],"author":[{"embeddable":true,"href":"https:\/\/www.todoeldia.com\/index.php\/wp-json\/wp\/v2\/users\/2"}],"replies":[{"embeddable":true,"href":"https:\/\/www.todoeldia.com\/index.php\/wp-json\/wp\/v2\/comments?post=51040"}],"version-history":[{"count":1,"href":"https:\/\/www.todoeldia.com\/index.php\/wp-json\/wp\/v2\/posts\/51040\/revisions"}],"predecessor-version":[{"id":51041,"href":"https:\/\/www.todoeldia.com\/index.php\/wp-json\/wp\/v2\/posts\/51040\/revisions\/51041"}],"wp:featuredmedia":[{"embeddable":true,"href":"https:\/\/www.todoeldia.com\/index.php\/wp-json\/wp\/v2\/media\/34025"}],"wp:attachment":[{"href":"https:\/\/www.todoeldia.com\/index.php\/wp-json\/wp\/v2\/media?parent=51040"}],"wp:term":[{"taxonomy":"category","embeddable":true,"href":"https:\/\/www.todoeldia.com\/index.php\/wp-json\/wp\/v2\/categories?post=51040"},{"taxonomy":"post_tag","embeddable":true,"href":"https:\/\/www.todoeldia.com\/index.php\/wp-json\/wp\/v2\/tags?post=51040"}],"curies":[{"name":"wp","href":"https:\/\/api.w.org\/{rel}","templated":true}]}}