{"id":51053,"date":"2023-01-05T15:46:14","date_gmt":"2023-01-05T18:46:14","guid":{"rendered":"https:\/\/www.todoeldia.com\/?p=51053"},"modified":"2023-01-05T15:46:16","modified_gmt":"2023-01-05T18:46:16","slug":"asaltaron-a-una-mujer-y-lesionaron-a-un-hombre-en-una-parada-de-colectivos-en-cerrillos","status":"publish","type":"post","link":"https:\/\/www.todoeldia.com\/index.php\/2023\/01\/05\/asaltaron-a-una-mujer-y-lesionaron-a-un-hombre-en-una-parada-de-colectivos-en-cerrillos\/","title":{"rendered":"Asaltaron a una mujer y lesionaron a un hombre en una parada de colectivos en Cerrillos"},"content":{"rendered":"\n<p>Los acusados fueron detenidos luego de asaltar a una mujer y a un hombre en una parada de colectivos en barrio Los Para\u00edsos usando armas blancas y lesionando a uno de ellos.<\/p>\n\n\n\n<p>El fiscal penal Daniel Alejandro Escalante, interino en la Fiscal\u00eda Penal de Cerrillos en feria, imput\u00f3 a dos hombres de 34 y 35 a\u00f1os, como coautores del delito de robo con arma.<\/p>\n\n\n\n<p>El hecho ocurri\u00f3 este mi\u00e9rcoles por la madrugada, cuando dos personas que se encontraban en la parada de colectivos de barrio Los Para\u00edsos, fueron abordadas por dos personas que esgrimiendo armas y profiriendo amenazas, les sustrajeron sus pertenencias y provocaron lesiones a uno de ellos al arrojarlo al piso.<\/p>\n\n\n\n<p>Personal policial fue advertido del hecho y realizando tareas de patrullaje, los identific\u00f3 en las inmediaciones. Al momento de ser detenidos, se les secuestr\u00f3 elementos de propiedad de los denunciados y otros de inter\u00e9s para la causa.<\/p>\n\n\n\n<p>Al constatarse que ambos acusados poseen antecedentes condenatorios, el fiscal Escalante solicit\u00f3 ante el Juzgado de Garant\u00edas 8 del distrito Centro en feria, su prisi\u00f3n preventiva.<\/p>\n","protected":false},"excerpt":{"rendered":"<p>Los acusados fueron detenidos luego de asaltar a una mujer y a un hombre en una parada de colectivos en barrio Los Para\u00edsos usando armas blancas y lesionando a uno de ellos. El fiscal penal Daniel Alejandro Escalante, interino en la Fiscal\u00eda Penal de Cerrillos en feria, imput\u00f3 a dos hombres de 34 y 35 [&hellip;]<\/p>\n","protected":false},"author":2,"featured_media":37157,"comment_status":"open","ping_status":"open","sticky":false,"template":"","format":"standard","meta":{"tdm_status":"","tdm_grid_status":"","_joinchat":[],"footnotes":""},"categories":[63],"tags":[],"class_list":{"0":"post-51053","1":"post","2":"type-post","3":"status-publish","4":"format-standard","5":"has-post-thumbnail","7":"category-policiales"},"amp_enabled":true,"_links":{"self":[{"href":"https:\/\/www.todoeldia.com\/index.php\/wp-json\/wp\/v2\/posts\/51053","targetHints":{"allow":["GET"]}}],"collection":[{"href":"https:\/\/www.todoeldia.com\/index.php\/wp-json\/wp\/v2\/posts"}],"about":[{"href":"https:\/\/www.todoeldia.com\/index.php\/wp-json\/wp\/v2\/types\/post"}],"author":[{"embeddable":true,"href":"https:\/\/www.todoeldia.com\/index.php\/wp-json\/wp\/v2\/users\/2"}],"replies":[{"embeddable":true,"href":"https:\/\/www.todoeldia.com\/index.php\/wp-json\/wp\/v2\/comments?post=51053"}],"version-history":[{"count":1,"href":"https:\/\/www.todoeldia.com\/index.php\/wp-json\/wp\/v2\/posts\/51053\/revisions"}],"predecessor-version":[{"id":51054,"href":"https:\/\/www.todoeldia.com\/index.php\/wp-json\/wp\/v2\/posts\/51053\/revisions\/51054"}],"wp:featuredmedia":[{"embeddable":true,"href":"https:\/\/www.todoeldia.com\/index.php\/wp-json\/wp\/v2\/media\/37157"}],"wp:attachment":[{"href":"https:\/\/www.todoeldia.com\/index.php\/wp-json\/wp\/v2\/media?parent=51053"}],"wp:term":[{"taxonomy":"category","embeddable":true,"href":"https:\/\/www.todoeldia.com\/index.php\/wp-json\/wp\/v2\/categories?post=51053"},{"taxonomy":"post_tag","embeddable":true,"href":"https:\/\/www.todoeldia.com\/index.php\/wp-json\/wp\/v2\/tags?post=51053"}],"curies":[{"name":"wp","href":"https:\/\/api.w.org\/{rel}","templated":true}]}}