{"id":51064,"date":"2023-01-06T09:26:12","date_gmt":"2023-01-06T12:26:12","guid":{"rendered":"https:\/\/www.todoeldia.com\/?p=51064"},"modified":"2023-01-06T09:26:15","modified_gmt":"2023-01-06T12:26:15","slug":"motociclista-murio-en-pichanal-al-chocar-con-un-colectivo-urbano","status":"publish","type":"post","link":"https:\/\/www.todoeldia.com\/index.php\/2023\/01\/06\/motociclista-murio-en-pichanal-al-chocar-con-un-colectivo-urbano\/","title":{"rendered":"Motociclista muri\u00f3 en Pichanal al chocar con un colectivo urbano"},"content":{"rendered":"\n<p>Esta madrugada, personal de comisar\u00eda N\u00b0 81 trabaj\u00f3 en un siniestro vial ocurrido en barrio centro de Pichanal, donde por motivos que se buscan establecer un colectivo colision\u00f3 con una motocicleta. Producto de las lesiones sufridas, el motociclista perdi\u00f3 la vida en el lugar.<\/p>\n\n\n\n<p>Pasadas las 05 de hoy, un llamado al Sistema de Emergencias 911 alert\u00f3 sobre un siniestro vial ocurrido en la intersecci\u00f3n de calle Belgrano y Salta de barrio Centro en la ciudad de Pichanal.<\/p>\n\n\n\n<p>De inmediato se desplazaron recursos al lugar, constatando que el siniestro hab\u00eda sido protagonizado por un \u00f3mnibus de transporte urbano que por motivos que se buscan establecer colisiona con una motocicleta tipo 110 cilindradas en la que se desplazaba un hombre de 28 a\u00f1os.<\/p>\n\n\n\n<p>Profesionales de la salud confirmaron que producto de las lesiones sufridas, el motociclista perdi\u00f3 la vida en el lugar.<\/p>\n\n\n\n<p>Peritos en Criminal\u00edstica trabajaron para documentar el hecho y determinar las causas que desencadenaron el siniestro.<\/p>\n\n\n\n<p>Por el hecho tom\u00f3 intervenci\u00f3n la Fiscal\u00eda Penal de la zona.<\/p>\n","protected":false},"excerpt":{"rendered":"<p>Esta madrugada, personal de comisar\u00eda N\u00b0 81 trabaj\u00f3 en un siniestro vial ocurrido en barrio centro de Pichanal, donde por motivos que se buscan establecer un colectivo colision\u00f3 con una motocicleta. Producto de las lesiones sufridas, el motociclista perdi\u00f3 la vida en el lugar. Pasadas las 05 de hoy, un llamado al Sistema de Emergencias [&hellip;]<\/p>\n","protected":false},"author":2,"featured_media":51065,"comment_status":"open","ping_status":"open","sticky":false,"template":"","format":"standard","meta":{"tdm_status":"","tdm_grid_status":"","_joinchat":[],"footnotes":""},"categories":[63],"tags":[],"class_list":{"0":"post-51064","1":"post","2":"type-post","3":"status-publish","4":"format-standard","5":"has-post-thumbnail","7":"category-policiales"},"amp_enabled":true,"_links":{"self":[{"href":"https:\/\/www.todoeldia.com\/index.php\/wp-json\/wp\/v2\/posts\/51064","targetHints":{"allow":["GET"]}}],"collection":[{"href":"https:\/\/www.todoeldia.com\/index.php\/wp-json\/wp\/v2\/posts"}],"about":[{"href":"https:\/\/www.todoeldia.com\/index.php\/wp-json\/wp\/v2\/types\/post"}],"author":[{"embeddable":true,"href":"https:\/\/www.todoeldia.com\/index.php\/wp-json\/wp\/v2\/users\/2"}],"replies":[{"embeddable":true,"href":"https:\/\/www.todoeldia.com\/index.php\/wp-json\/wp\/v2\/comments?post=51064"}],"version-history":[{"count":1,"href":"https:\/\/www.todoeldia.com\/index.php\/wp-json\/wp\/v2\/posts\/51064\/revisions"}],"predecessor-version":[{"id":51066,"href":"https:\/\/www.todoeldia.com\/index.php\/wp-json\/wp\/v2\/posts\/51064\/revisions\/51066"}],"wp:featuredmedia":[{"embeddable":true,"href":"https:\/\/www.todoeldia.com\/index.php\/wp-json\/wp\/v2\/media\/51065"}],"wp:attachment":[{"href":"https:\/\/www.todoeldia.com\/index.php\/wp-json\/wp\/v2\/media?parent=51064"}],"wp:term":[{"taxonomy":"category","embeddable":true,"href":"https:\/\/www.todoeldia.com\/index.php\/wp-json\/wp\/v2\/categories?post=51064"},{"taxonomy":"post_tag","embeddable":true,"href":"https:\/\/www.todoeldia.com\/index.php\/wp-json\/wp\/v2\/tags?post=51064"}],"curies":[{"name":"wp","href":"https:\/\/api.w.org\/{rel}","templated":true}]}}