{"id":51067,"date":"2023-01-06T09:29:03","date_gmt":"2023-01-06T12:29:03","guid":{"rendered":"https:\/\/www.todoeldia.com\/?p=51067"},"modified":"2023-01-06T09:29:05","modified_gmt":"2023-01-06T12:29:05","slug":"en-oran-cortaron-la-ruta-en-protesta-por-los-aumentos-y-el-mal-servicio-de-edesa","status":"publish","type":"post","link":"https:\/\/www.todoeldia.com\/index.php\/2023\/01\/06\/en-oran-cortaron-la-ruta-en-protesta-por-los-aumentos-y-el-mal-servicio-de-edesa\/","title":{"rendered":"En Or\u00e1n cortaron la ruta en protesta por los aumentos y el mal servicio de EDESA"},"content":{"rendered":"\n<p>Un grupo de vecinos de la ciudad de Or\u00e1n decidieron anoche cortar el tr\u00e1nsito vehicular en ruta 50 para continuar con el reclamo por el servicio de la empresa Edesa y el aumento en las facturas que llegaron este mes.<\/p>\n\n\n\n<p>Primero se hab\u00edan reunido en la plaza San Mart\u00edn donde se manifestaron molestos con las declaraciones del presidente del Ente Regulador realizadas esta ma\u00f1ana en la capital provincial.<\/p>\n\n\n\n<p>No se defini\u00f3 por el momento la modalidad del corte, algunas otras localidades del departamento podr\u00edan sumarse a la modalidad este viernes.<\/p>\n","protected":false},"excerpt":{"rendered":"<p>Un grupo de vecinos de la ciudad de Or\u00e1n decidieron anoche cortar el tr\u00e1nsito vehicular en ruta 50 para continuar con el reclamo por el servicio de la empresa Edesa y el aumento en las facturas que llegaron este mes. Primero se hab\u00edan reunido en la plaza San Mart\u00edn donde se manifestaron molestos con las [&hellip;]<\/p>\n","protected":false},"author":2,"featured_media":51068,"comment_status":"open","ping_status":"open","sticky":false,"template":"","format":"standard","meta":{"tdm_status":"","tdm_grid_status":"","_joinchat":[],"footnotes":""},"categories":[73],"tags":[],"class_list":{"0":"post-51067","1":"post","2":"type-post","3":"status-publish","4":"format-standard","5":"has-post-thumbnail","7":"category-noticias-general"},"amp_enabled":true,"_links":{"self":[{"href":"https:\/\/www.todoeldia.com\/index.php\/wp-json\/wp\/v2\/posts\/51067","targetHints":{"allow":["GET"]}}],"collection":[{"href":"https:\/\/www.todoeldia.com\/index.php\/wp-json\/wp\/v2\/posts"}],"about":[{"href":"https:\/\/www.todoeldia.com\/index.php\/wp-json\/wp\/v2\/types\/post"}],"author":[{"embeddable":true,"href":"https:\/\/www.todoeldia.com\/index.php\/wp-json\/wp\/v2\/users\/2"}],"replies":[{"embeddable":true,"href":"https:\/\/www.todoeldia.com\/index.php\/wp-json\/wp\/v2\/comments?post=51067"}],"version-history":[{"count":1,"href":"https:\/\/www.todoeldia.com\/index.php\/wp-json\/wp\/v2\/posts\/51067\/revisions"}],"predecessor-version":[{"id":51069,"href":"https:\/\/www.todoeldia.com\/index.php\/wp-json\/wp\/v2\/posts\/51067\/revisions\/51069"}],"wp:featuredmedia":[{"embeddable":true,"href":"https:\/\/www.todoeldia.com\/index.php\/wp-json\/wp\/v2\/media\/51068"}],"wp:attachment":[{"href":"https:\/\/www.todoeldia.com\/index.php\/wp-json\/wp\/v2\/media?parent=51067"}],"wp:term":[{"taxonomy":"category","embeddable":true,"href":"https:\/\/www.todoeldia.com\/index.php\/wp-json\/wp\/v2\/categories?post=51067"},{"taxonomy":"post_tag","embeddable":true,"href":"https:\/\/www.todoeldia.com\/index.php\/wp-json\/wp\/v2\/tags?post=51067"}],"curies":[{"name":"wp","href":"https:\/\/api.w.org\/{rel}","templated":true}]}}