{"id":51076,"date":"2023-01-06T14:42:48","date_gmt":"2023-01-06T17:42:48","guid":{"rendered":"https:\/\/www.todoeldia.com\/?p=51076"},"modified":"2023-01-06T14:42:50","modified_gmt":"2023-01-06T17:42:50","slug":"se-robo-dos-camaras-de-seguridad-y-lo-agarraron-porque-quedo-filmado","status":"publish","type":"post","link":"https:\/\/www.todoeldia.com\/index.php\/2023\/01\/06\/se-robo-dos-camaras-de-seguridad-y-lo-agarraron-porque-quedo-filmado\/","title":{"rendered":"Se rob\u00f3 dos c\u00e1maras de seguridad y lo agarraron porque quedo filmado"},"content":{"rendered":"\n<p>Un adolescente de 17 a\u00f1os fue imputado por sustraer dos c\u00e1maras de seguridad de una vivienda y un hombre de 25 a\u00f1os como encubridor del hecho, al haberlas recibido en custodia.<\/p>\n\n\n\n<p>La fiscal penal 1 de Or\u00e1n en feria, Daniela Mur\u00faa, imput\u00f3 en forma provisional a un hombre de 25 a\u00f1os como autor del delito de encubrimiento y a un menor de 17 a\u00f1os como autor del delito de robo con escalamiento.<\/p>\n\n\n\n<p>Ocurri\u00f3 el pasado 2 de enero, cuando un vecino del barrio San Francisco de esa ciudad, descubri\u00f3 que personas desconocidas le hab\u00eda sustra\u00eddo dos c\u00e1maras de seguridad que ten\u00eda instaladas en el acceso a su domicilio.<\/p>\n\n\n\n<p>El hecho qued\u00f3 registrado por una de las c\u00e1maras y en el video se aprecia a la persona que escala y se las lleva.<\/p>\n\n\n\n<p>Del an\u00e1lisis de este video y del despliegue de otras tareas investigativas, se identific\u00f3 a un adolescente de 17 a\u00f1os como el autor del robo y se pudo establecer que las hab\u00eda dejado en custodia del otro acusado, quien las entreg\u00f3 a personal policial.<\/p>\n\n\n\n<p>Asistidos por defensa oficial, los acusados se abstuvieron de declarar y se solicit\u00f3 que se mantenga su detenci\u00f3n.<\/p>\n","protected":false},"excerpt":{"rendered":"<p>Un adolescente de 17 a\u00f1os fue imputado por sustraer dos c\u00e1maras de seguridad de una vivienda y un hombre de 25 a\u00f1os como encubridor del hecho, al haberlas recibido en custodia. La fiscal penal 1 de Or\u00e1n en feria, Daniela Mur\u00faa, imput\u00f3 en forma provisional a un hombre de 25 a\u00f1os como autor del delito [&hellip;]<\/p>\n","protected":false},"author":2,"featured_media":51077,"comment_status":"open","ping_status":"open","sticky":false,"template":"","format":"standard","meta":{"tdm_status":"","tdm_grid_status":"","_joinchat":[],"footnotes":""},"categories":[63],"tags":[],"class_list":{"0":"post-51076","1":"post","2":"type-post","3":"status-publish","4":"format-standard","5":"has-post-thumbnail","7":"category-policiales"},"amp_enabled":true,"_links":{"self":[{"href":"https:\/\/www.todoeldia.com\/index.php\/wp-json\/wp\/v2\/posts\/51076","targetHints":{"allow":["GET"]}}],"collection":[{"href":"https:\/\/www.todoeldia.com\/index.php\/wp-json\/wp\/v2\/posts"}],"about":[{"href":"https:\/\/www.todoeldia.com\/index.php\/wp-json\/wp\/v2\/types\/post"}],"author":[{"embeddable":true,"href":"https:\/\/www.todoeldia.com\/index.php\/wp-json\/wp\/v2\/users\/2"}],"replies":[{"embeddable":true,"href":"https:\/\/www.todoeldia.com\/index.php\/wp-json\/wp\/v2\/comments?post=51076"}],"version-history":[{"count":1,"href":"https:\/\/www.todoeldia.com\/index.php\/wp-json\/wp\/v2\/posts\/51076\/revisions"}],"predecessor-version":[{"id":51078,"href":"https:\/\/www.todoeldia.com\/index.php\/wp-json\/wp\/v2\/posts\/51076\/revisions\/51078"}],"wp:featuredmedia":[{"embeddable":true,"href":"https:\/\/www.todoeldia.com\/index.php\/wp-json\/wp\/v2\/media\/51077"}],"wp:attachment":[{"href":"https:\/\/www.todoeldia.com\/index.php\/wp-json\/wp\/v2\/media?parent=51076"}],"wp:term":[{"taxonomy":"category","embeddable":true,"href":"https:\/\/www.todoeldia.com\/index.php\/wp-json\/wp\/v2\/categories?post=51076"},{"taxonomy":"post_tag","embeddable":true,"href":"https:\/\/www.todoeldia.com\/index.php\/wp-json\/wp\/v2\/tags?post=51076"}],"curies":[{"name":"wp","href":"https:\/\/api.w.org\/{rel}","templated":true}]}}