{"id":51088,"date":"2023-01-06T15:00:16","date_gmt":"2023-01-06T18:00:16","guid":{"rendered":"https:\/\/www.todoeldia.com\/?p=51088"},"modified":"2023-01-06T15:00:18","modified_gmt":"2023-01-06T18:00:18","slug":"luciano-benavides-gano-su-primera-etapa-en-motos-en-un-rally-dakar","status":"publish","type":"post","link":"https:\/\/www.todoeldia.com\/index.php\/2023\/01\/06\/luciano-benavides-gano-su-primera-etapa-en-motos-en-un-rally-dakar\/","title":{"rendered":"Luciano Benavides gan\u00f3 su primera etapa en motos en un Rally Dakar"},"content":{"rendered":"\n<p>Se impuso en el sexto parcial y Kevin sigue tercero en la general. Manu And\u00fajar venci\u00f3 en cuatriciclos. El m\u00e1s ganador de la historia, St\u00e9phane Peterhansel, no podr\u00e1 seguir en competencia. La lluvia no da respiro y oblig\u00f3 a m\u00e1s cambios en el recorrido.<\/p>\n\n\n\n<p>Este es el Rally Dakar m\u00e1s duro de los cuatro en Arabia Saudita, pero hay algo m\u00e1s fuerte a las exigencias del recorrido de 2023 que es la naturaleza. Las constantes lluvias obligaron a modificar el sexto tramo de carrera y tambi\u00e9n los pr\u00f3ximos dos. Pero este viernes la jornada se ti\u00f1\u00f3 de albiceleste ya que Luciano Benavides (Husqvarna) gan\u00f3 por primera vez una etapa y Manuel And\u00fajar (Yamaha) logr\u00f3 su segundo \u00e9xito en la presente edici\u00f3n en cuatriciclos y lider\u00f3 un 1-3-4 de los argentinos.<\/p>\n\n\n\n<p>En motos llegaron buenas noticias para los argentinos ya que Luciano Benavides se estren\u00f3 como ganador en un parcial. Segundo fue el estadounidense Skyler Howes (Husqvarna) que contin\u00faa al mando de la n\u00f3mina global, donde Kevin Benavides (KTM) sigue tercero a 7 minutos de Howes luego de ser quinto en el parcial. La lucha por el triunfo en las dos ruedas es atrapante con los siete primeros encerrados en 7 minutos y en la edici\u00f3n m\u00e1s exigente en Arabia Saudita es un tiempo que todos pueden acortar. A\u00fan quedan nueve d\u00edas de carrera.<\/p>\n\n\n\n<p>\u201cFue una jornada de locos. Hicimos mil kil\u00f3metros en el d\u00eda. Por la ma\u00f1ana nos congelamos y despu\u00e9s hicimos la etapa que fue dur\u00edsima. Ayer estaba preocupado porque no se nos daban las cosas. Por los resultados y por las p\u00e9rdidas que tuve me tir\u00f3 atr\u00e1s en la general. Di vuelta la p\u00e1gina, puse la mente en blanco y disfrut\u00e9 de andar en moto y lo hice muy bien\u201d, le dijo Luciano Benavides a Infobae.<\/p>\n\n\n\n<p>\u201cEs mi primera etapa en un Dakar y es muy especial. Hace mucho que lo ven\u00eda buscando y es realmente \u00fanico. Y despu\u00e9s nos toc\u00f3 hacer 300 kil\u00f3metros m\u00e1s para llegar hasta ac\u00e1 con lluvia, el roadbook (hoja de ruta) estaba mal as\u00ed que nos hemos perdido as\u00ed que hemos andado por toda \u2018Arabia\u2019. Pero feliz de estar ac\u00e1\u201d, concluy\u00f3 el salte\u00f1o de 26 a\u00f1os. \u00c9l y su hermano Kevin son los \u00fanicos argentinos en la historia en haber ganado una etapa en motos en el Rally Dakar.<\/p>\n\n\n\n<figure class=\"wp-block-image size-full is-resized\"><img loading=\"lazy\" decoding=\"async\" src=\"https:\/\/www.todoeldia.com\/wp-content\/uploads\/2023\/01\/image-33.png\" alt=\"\" class=\"wp-image-51090\" width=\"915\" height=\"515\" srcset=\"https:\/\/www.todoeldia.com\/wp-content\/uploads\/2023\/01\/image-33.png 768w, https:\/\/www.todoeldia.com\/wp-content\/uploads\/2023\/01\/image-33-300x169.png 300w, https:\/\/www.todoeldia.com\/wp-content\/uploads\/2023\/01\/image-33-696x392.png 696w, https:\/\/www.todoeldia.com\/wp-content\/uploads\/2023\/01\/image-33-747x420.png 747w\" sizes=\"auto, (max-width: 915px) 100vw, 915px\" \/><figcaption class=\"wp-element-caption\">Manuel And\u00fajar gan\u00f3 su segundo parcial en este Rally Dakar<br><\/figcaption><\/figure>\n\n\n\n<p>Hubo m\u00e1s festejos argentinos ya que en cuatriciclos Manu And\u00fajar se impuso y comand\u00f3 las acciones delante del franc\u00e9s Alexandre Giroud y de otros dos compatriotas, Francisco Moreno y Pablo Copetti. En la general Giroud sigue liderando y le lleva 42 minutos a Moreno. Copetti es tercero y And\u00fajar cuarto.<\/p>\n","protected":false},"excerpt":{"rendered":"<p>Se impuso en el sexto parcial y Kevin sigue tercero en la general. Manu And\u00fajar venci\u00f3 en cuatriciclos. El m\u00e1s ganador de la historia, St\u00e9phane Peterhansel, no podr\u00e1 seguir en competencia. La lluvia no da respiro y oblig\u00f3 a m\u00e1s cambios en el recorrido. Este es el Rally Dakar m\u00e1s duro de los cuatro en [&hellip;]<\/p>\n","protected":false},"author":2,"featured_media":51089,"comment_status":"open","ping_status":"open","sticky":false,"template":"","format":"standard","meta":{"tdm_status":"","tdm_grid_status":"","_joinchat":[],"footnotes":""},"categories":[62],"tags":[],"class_list":{"0":"post-51088","1":"post","2":"type-post","3":"status-publish","4":"format-standard","5":"has-post-thumbnail","7":"category-deportes"},"amp_enabled":true,"_links":{"self":[{"href":"https:\/\/www.todoeldia.com\/index.php\/wp-json\/wp\/v2\/posts\/51088","targetHints":{"allow":["GET"]}}],"collection":[{"href":"https:\/\/www.todoeldia.com\/index.php\/wp-json\/wp\/v2\/posts"}],"about":[{"href":"https:\/\/www.todoeldia.com\/index.php\/wp-json\/wp\/v2\/types\/post"}],"author":[{"embeddable":true,"href":"https:\/\/www.todoeldia.com\/index.php\/wp-json\/wp\/v2\/users\/2"}],"replies":[{"embeddable":true,"href":"https:\/\/www.todoeldia.com\/index.php\/wp-json\/wp\/v2\/comments?post=51088"}],"version-history":[{"count":1,"href":"https:\/\/www.todoeldia.com\/index.php\/wp-json\/wp\/v2\/posts\/51088\/revisions"}],"predecessor-version":[{"id":51091,"href":"https:\/\/www.todoeldia.com\/index.php\/wp-json\/wp\/v2\/posts\/51088\/revisions\/51091"}],"wp:featuredmedia":[{"embeddable":true,"href":"https:\/\/www.todoeldia.com\/index.php\/wp-json\/wp\/v2\/media\/51089"}],"wp:attachment":[{"href":"https:\/\/www.todoeldia.com\/index.php\/wp-json\/wp\/v2\/media?parent=51088"}],"wp:term":[{"taxonomy":"category","embeddable":true,"href":"https:\/\/www.todoeldia.com\/index.php\/wp-json\/wp\/v2\/categories?post=51088"},{"taxonomy":"post_tag","embeddable":true,"href":"https:\/\/www.todoeldia.com\/index.php\/wp-json\/wp\/v2\/tags?post=51088"}],"curies":[{"name":"wp","href":"https:\/\/api.w.org\/{rel}","templated":true}]}}