{"id":51096,"date":"2023-01-08T22:25:43","date_gmt":"2023-01-09T01:25:43","guid":{"rendered":"https:\/\/www.todoeldia.com\/?p=51096"},"modified":"2023-01-08T22:25:45","modified_gmt":"2023-01-09T01:25:45","slug":"los-argentinos-terminaron-con-grandes-resultados-la-primera-semana-del-rally-dakar","status":"publish","type":"post","link":"https:\/\/www.todoeldia.com\/index.php\/2023\/01\/08\/los-argentinos-terminaron-con-grandes-resultados-la-primera-semana-del-rally-dakar\/","title":{"rendered":"Los argentinos terminaron con grandes resultados la primera semana del Rally Dakar"},"content":{"rendered":"\n<p>Kevin Benavides en motos y Manu And\u00fajar en cuatriciclos pelean por el triunfo. Jerem\u00edas Gonz\u00e1lez Ferioli gan\u00f3 en UTV y es quinto en la general. Juan Cruz Yacopini ya es top diez en autos.<\/p>\n\n\n\n<p>Este lunes llegar\u00e1 el esperado d\u00eda de descanso en el Rally Dakar, que acaba de terminar su octava etapa en la cuarta edici\u00f3n en fila que se disputa en Arabia Saudita. La carrera m\u00e1s dura del mundo super\u00f3 su ecuador y a partir del martes comenzar\u00e1 su segunda parte. Pese a los extremos recorridos que tuvieron que sortear los competidores, los pilotos argentinos vienen cumpliendo buenas actuaciones en cuatro de las seis categor\u00edas; en dos de ellas con chances de triunfos.<\/p>\n\n\n\n<p>La lluvia dio una tregua luego de jornadas de temporales que obligaron a cambiar dos d\u00edas de recorrido y a cancelar la etapa 7 para motos y cuatriciclos. El epicentro estar\u00e1 en Riad hasta este lunes y el campamento de la capital fue el punto de llegada del octavo parcial que arranc\u00f3 en Al Duwadimi y que tuvo 346 kil\u00f3metros de un tramo cronometrado.<\/p>\n\n\n\n<p>En motos, Kevin Benavides (KTM) fue d\u00e9cimo en la etapa, pero trep\u00f3 al segundo puesto y est\u00e1 a solo 13 segundos del estadounidense Skyler Howes (Husqvarna). El salte\u00f1o, ganador en 2021, tiene el mismo tiempo en el global que el otro norteamericano, Mason Klein (KTM), pero \u00e9ste tiene un minuto m\u00e1s de penalizaci\u00f3n por superar el l\u00edmite de velocidad de 160 kil\u00f3metros por hora.<\/p>\n\n\n\n<p>\u201cTerminamos bien una buena primera parte y viene siendo una carrera s\u00faper dura con tramos largos. Hoy hubo muchas piedras y se me hizo dif\u00edcil por la navegaci\u00f3n, pero en la \u00faltima parte pudimos terminar en la \u00faltima parte juntos. Nos posiciona muy bien para la semana que viene\u201d, cont\u00f3 el salte\u00f1o que este lunes cumplir\u00e1 34 a\u00f1os.<\/p>\n\n\n\n<p>La lucha en las dos ruedas es apasionante con los ocho primeros pilotos encerrados en solo 7m21s y a\u00fan falta la segunda parte de la competencia. Ante la dureza de la carrera, todo puede pasar en las seis jornadas restantes y el juego est\u00e1 abierto. \u201cHabr\u00e1 que pensar muy bien la estrategia para los pr\u00f3ximos d\u00edas. Est\u00e1n todos los tiempos muy juntos habr\u00e1 que ser muy inteligentes en las etapas que vienen\u201d, analiz\u00f3 Benavides.<\/p>\n\n\n\n<p>En cuatriciclos, Manuel And\u00fajar (Yamaha) tuvo una gran faena ya que pudo recuperarse a un vuelco y pudo ganar su segunda etapa en el presente Rally Dakar. \u201cLlegamos con dos triunfos seguidos en etapas y ahora segundos en la general. Tuve un peque\u00f1o percance y cuando me distraje un segundo con la hoja de ruta me encontr\u00e9 con un peque\u00f1o escal\u00f3n y se me volc\u00f3 el cuatri. Pero por suerte no sufri\u00f3 ning\u00fan problema y pudimos continuar y terminamos ganando\u201d, sostuvo el de Lobos, triunfador en 2021 en esta especialidad, y ahora segundo en la n\u00f3mina global a 1h41m37s del franc\u00e9s Alexandre Giroud (Yamaha), que es muy regular y ahora administra su diferencia tras haber vencido en los cuatro primeros parciales.<\/p>\n","protected":false},"excerpt":{"rendered":"<p>Kevin Benavides en motos y Manu And\u00fajar en cuatriciclos pelean por el triunfo. Jerem\u00edas Gonz\u00e1lez Ferioli gan\u00f3 en UTV y es quinto en la general. Juan Cruz Yacopini ya es top diez en autos. Este lunes llegar\u00e1 el esperado d\u00eda de descanso en el Rally Dakar, que acaba de terminar su octava etapa en la [&hellip;]<\/p>\n","protected":false},"author":2,"featured_media":51097,"comment_status":"open","ping_status":"open","sticky":false,"template":"","format":"standard","meta":{"tdm_status":"","tdm_grid_status":"","_joinchat":[],"footnotes":""},"categories":[62],"tags":[],"class_list":{"0":"post-51096","1":"post","2":"type-post","3":"status-publish","4":"format-standard","5":"has-post-thumbnail","7":"category-deportes"},"amp_enabled":true,"_links":{"self":[{"href":"https:\/\/www.todoeldia.com\/index.php\/wp-json\/wp\/v2\/posts\/51096","targetHints":{"allow":["GET"]}}],"collection":[{"href":"https:\/\/www.todoeldia.com\/index.php\/wp-json\/wp\/v2\/posts"}],"about":[{"href":"https:\/\/www.todoeldia.com\/index.php\/wp-json\/wp\/v2\/types\/post"}],"author":[{"embeddable":true,"href":"https:\/\/www.todoeldia.com\/index.php\/wp-json\/wp\/v2\/users\/2"}],"replies":[{"embeddable":true,"href":"https:\/\/www.todoeldia.com\/index.php\/wp-json\/wp\/v2\/comments?post=51096"}],"version-history":[{"count":1,"href":"https:\/\/www.todoeldia.com\/index.php\/wp-json\/wp\/v2\/posts\/51096\/revisions"}],"predecessor-version":[{"id":51098,"href":"https:\/\/www.todoeldia.com\/index.php\/wp-json\/wp\/v2\/posts\/51096\/revisions\/51098"}],"wp:featuredmedia":[{"embeddable":true,"href":"https:\/\/www.todoeldia.com\/index.php\/wp-json\/wp\/v2\/media\/51097"}],"wp:attachment":[{"href":"https:\/\/www.todoeldia.com\/index.php\/wp-json\/wp\/v2\/media?parent=51096"}],"wp:term":[{"taxonomy":"category","embeddable":true,"href":"https:\/\/www.todoeldia.com\/index.php\/wp-json\/wp\/v2\/categories?post=51096"},{"taxonomy":"post_tag","embeddable":true,"href":"https:\/\/www.todoeldia.com\/index.php\/wp-json\/wp\/v2\/tags?post=51096"}],"curies":[{"name":"wp","href":"https:\/\/api.w.org\/{rel}","templated":true}]}}