{"id":51122,"date":"2023-01-08T22:49:48","date_gmt":"2023-01-09T01:49:48","guid":{"rendered":"https:\/\/www.todoeldia.com\/?p=51122"},"modified":"2023-01-08T22:50:18","modified_gmt":"2023-01-09T01:50:18","slug":"protesta-contra-edesa-en-oran-si-no-hay-solucion-volveran-a-la-ruta-y-anuncian-que-interrumpiran-los-corsos","status":"publish","type":"post","link":"https:\/\/www.todoeldia.com\/index.php\/2023\/01\/08\/protesta-contra-edesa-en-oran-si-no-hay-solucion-volveran-a-la-ruta-y-anuncian-que-interrumpiran-los-corsos\/","title":{"rendered":"Protesta contra Edesa en Or\u00e1n: si no hay soluci\u00f3n volver\u00e1n a la ruta y anuncian que interrumpir\u00e1n los corsos"},"content":{"rendered":"\n<p>Esta noche un grupo de vecinos se reuni\u00f3 en la plaza San Mart\u00edn de Or\u00e1n para mocionar y votar propuestas de como continuar con el reclamo por los aumentos en las facturas de luz y el servicio de la empresa Edesa.<\/p>\n\n\n\n<p>Los puntos m\u00e1s destacados fueron:<\/p>\n\n\n\n<p>&#8211; Desde el lunes protestar\u00e1n y realizar\u00e1n pegatinas en las oficinas de la empresa Edesa.<\/p>\n\n\n\n<p>&#8211; Si no hay respuestas a los pedidos volver\u00e1n a la ruta en el transcurso de la semana. Tambi\u00e9n se mocion\u00f3 y aprob\u00f3 interrumpir el inicio de los corsos previstos para el 21 de enero.<\/p>\n\n\n\n<p>&#8211; Invitar a la firma del petitorio de 4 puntos en los diferentes barrios y organizarse para evitar cortes en el servicio de la empresa por falta de pago.<\/p>\n\n\n\n<p>&#8211; Convocar a los legisladores a dar respuestas al petitorio de 4 puntos.<\/p>\n\n\n\n<p>&#8211; Solicitar al Colegio de Abogados se expida en contra de los aumentos y presentar recursos de amparo para garantizar el derecho al servicio.<\/p>\n\n\n\n<p>Norte Ya<\/p>\n","protected":false},"excerpt":{"rendered":"<p>Esta noche un grupo de vecinos se reuni\u00f3 en la plaza San Mart\u00edn de Or\u00e1n para mocionar y votar propuestas de como continuar con el reclamo por los aumentos en las facturas de luz y el servicio de la empresa Edesa. Los puntos m\u00e1s destacados fueron: &#8211; Desde el lunes protestar\u00e1n y realizar\u00e1n pegatinas en [&hellip;]<\/p>\n","protected":false},"author":2,"featured_media":51123,"comment_status":"open","ping_status":"open","sticky":false,"template":"","format":"standard","meta":{"tdm_status":"","tdm_grid_status":"","_joinchat":[],"footnotes":""},"categories":[73],"tags":[],"class_list":{"0":"post-51122","1":"post","2":"type-post","3":"status-publish","4":"format-standard","5":"has-post-thumbnail","7":"category-noticias-general"},"amp_enabled":true,"_links":{"self":[{"href":"https:\/\/www.todoeldia.com\/index.php\/wp-json\/wp\/v2\/posts\/51122","targetHints":{"allow":["GET"]}}],"collection":[{"href":"https:\/\/www.todoeldia.com\/index.php\/wp-json\/wp\/v2\/posts"}],"about":[{"href":"https:\/\/www.todoeldia.com\/index.php\/wp-json\/wp\/v2\/types\/post"}],"author":[{"embeddable":true,"href":"https:\/\/www.todoeldia.com\/index.php\/wp-json\/wp\/v2\/users\/2"}],"replies":[{"embeddable":true,"href":"https:\/\/www.todoeldia.com\/index.php\/wp-json\/wp\/v2\/comments?post=51122"}],"version-history":[{"count":1,"href":"https:\/\/www.todoeldia.com\/index.php\/wp-json\/wp\/v2\/posts\/51122\/revisions"}],"predecessor-version":[{"id":51124,"href":"https:\/\/www.todoeldia.com\/index.php\/wp-json\/wp\/v2\/posts\/51122\/revisions\/51124"}],"wp:featuredmedia":[{"embeddable":true,"href":"https:\/\/www.todoeldia.com\/index.php\/wp-json\/wp\/v2\/media\/51123"}],"wp:attachment":[{"href":"https:\/\/www.todoeldia.com\/index.php\/wp-json\/wp\/v2\/media?parent=51122"}],"wp:term":[{"taxonomy":"category","embeddable":true,"href":"https:\/\/www.todoeldia.com\/index.php\/wp-json\/wp\/v2\/categories?post=51122"},{"taxonomy":"post_tag","embeddable":true,"href":"https:\/\/www.todoeldia.com\/index.php\/wp-json\/wp\/v2\/tags?post=51122"}],"curies":[{"name":"wp","href":"https:\/\/api.w.org\/{rel}","templated":true}]}}