{"id":51125,"date":"2023-01-09T14:27:39","date_gmt":"2023-01-09T17:27:39","guid":{"rendered":"https:\/\/www.todoeldia.com\/?p=51125"},"modified":"2023-01-09T14:27:41","modified_gmt":"2023-01-09T17:27:41","slug":"un-herido-de-bala-en-atocha-ii","status":"publish","type":"post","link":"https:\/\/www.todoeldia.com\/index.php\/2023\/01\/09\/un-herido-de-bala-en-atocha-ii\/","title":{"rendered":"Un herido de bala en Atocha II"},"content":{"rendered":"\n<p>La fiscal penal, Ver\u00f3nica Simesen de Bielke, investiga un hecho ocurrido la noche del pasado s\u00e1bado 7 en barrio Atocha II, cuando en circunstancias que se tratan de establecer, un hombre de 41 a\u00f1os fue herido con un arma de fuego y debi\u00f3 ser asistido en el hospital San Bernardo.<\/p>\n\n\n\n<p>De las tareas desplegadas por la Unidad de Investigaci\u00f3n UGAP, se logr\u00f3 la detenci\u00f3n de dos hombres como sospechosos de haber participado en el hecho y ser\u00e1n imputado este lunes.<\/p>\n","protected":false},"excerpt":{"rendered":"<p>La fiscal penal, Ver\u00f3nica Simesen de Bielke, investiga un hecho ocurrido la noche del pasado s\u00e1bado 7 en barrio Atocha II, cuando en circunstancias que se tratan de establecer, un hombre de 41 a\u00f1os fue herido con un arma de fuego y debi\u00f3 ser asistido en el hospital San Bernardo. De las tareas desplegadas por [&hellip;]<\/p>\n","protected":false},"author":2,"featured_media":27532,"comment_status":"open","ping_status":"open","sticky":false,"template":"","format":"standard","meta":{"tdm_status":"","tdm_grid_status":"","_joinchat":[],"footnotes":""},"categories":[63],"tags":[],"class_list":{"0":"post-51125","1":"post","2":"type-post","3":"status-publish","4":"format-standard","5":"has-post-thumbnail","7":"category-policiales"},"amp_enabled":true,"_links":{"self":[{"href":"https:\/\/www.todoeldia.com\/index.php\/wp-json\/wp\/v2\/posts\/51125","targetHints":{"allow":["GET"]}}],"collection":[{"href":"https:\/\/www.todoeldia.com\/index.php\/wp-json\/wp\/v2\/posts"}],"about":[{"href":"https:\/\/www.todoeldia.com\/index.php\/wp-json\/wp\/v2\/types\/post"}],"author":[{"embeddable":true,"href":"https:\/\/www.todoeldia.com\/index.php\/wp-json\/wp\/v2\/users\/2"}],"replies":[{"embeddable":true,"href":"https:\/\/www.todoeldia.com\/index.php\/wp-json\/wp\/v2\/comments?post=51125"}],"version-history":[{"count":1,"href":"https:\/\/www.todoeldia.com\/index.php\/wp-json\/wp\/v2\/posts\/51125\/revisions"}],"predecessor-version":[{"id":51126,"href":"https:\/\/www.todoeldia.com\/index.php\/wp-json\/wp\/v2\/posts\/51125\/revisions\/51126"}],"wp:featuredmedia":[{"embeddable":true,"href":"https:\/\/www.todoeldia.com\/index.php\/wp-json\/wp\/v2\/media\/27532"}],"wp:attachment":[{"href":"https:\/\/www.todoeldia.com\/index.php\/wp-json\/wp\/v2\/media?parent=51125"}],"wp:term":[{"taxonomy":"category","embeddable":true,"href":"https:\/\/www.todoeldia.com\/index.php\/wp-json\/wp\/v2\/categories?post=51125"},{"taxonomy":"post_tag","embeddable":true,"href":"https:\/\/www.todoeldia.com\/index.php\/wp-json\/wp\/v2\/tags?post=51125"}],"curies":[{"name":"wp","href":"https:\/\/api.w.org\/{rel}","templated":true}]}}