{"id":51131,"date":"2023-01-09T14:46:08","date_gmt":"2023-01-09T17:46:08","guid":{"rendered":"https:\/\/www.todoeldia.com\/?p=51131"},"modified":"2023-01-09T19:11:48","modified_gmt":"2023-01-09T22:11:48","slug":"murio-el-conductor-de-un-auto-al-volcar-en-la-ruta-5-en-las-lajitas","status":"publish","type":"post","link":"https:\/\/www.todoeldia.com\/index.php\/2023\/01\/09\/murio-el-conductor-de-un-auto-al-volcar-en-la-ruta-5-en-las-lajitas\/","title":{"rendered":"Muri\u00f3 el conductor de un auto al volcar en la ruta 5 en Las Lajitas"},"content":{"rendered":"\n<p>Ayer, efectivos de la zona y peritos en Criminal\u00edstica trabajaron sobre ruta provincial N\u00b0 5 donde se produjo el vuelco de un autom\u00f3vil en el que viajaban dos hombres. El conductor identificado como Fernando Hubeaut perdi\u00f3 la vida en el lugar producto de las lesiones sufridas.<\/p>\n\n\n\n<p>Pasadas las 18 de ayer, un llamado al Sistema de Emergencias 911 alert\u00f3 sobre un siniestro vial ocurrido en ruta provincial N\u00b0 5 y 52 donde un autom\u00f3vil habr\u00eda volcado.<\/p>\n\n\n\n<figure class=\"wp-block-image size-full is-resized\"><img loading=\"lazy\" decoding=\"async\" src=\"https:\/\/www.todoeldia.com\/wp-content\/uploads\/2023\/01\/image-41.png\" alt=\"\" class=\"wp-image-51133\" width=\"908\" height=\"1226\"\/><\/figure>\n\n\n\n<p>De inmediato se desplazaron recursos al lugar, constatando que el siniestro habr\u00eda sido protagonizado por un autom\u00f3vil en el que viajaban dos hombres mayores de edad, cuando por motivos que se buscan establecer el conductor perdi\u00f3 el control produci\u00e9ndose el vuelco.<\/p>\n\n\n\n<p>Con la colaboraci\u00f3n de personal de Bomberos Voluntarios liberaron a los ocupantes que quedaron atrapados en el habit\u00e1culo del rodado, para ser trasladados al nosocomio local. En la ambulancia el conductor de rodado, Fernando Hubeaut de 54 a\u00f1os perdi\u00f3 la vida, mientras el acompa\u00f1ante Julio Bonetti fue derivado al hospital de General G\u00fcemes.<\/p>\n\n\n\n<p>Peritos en Criminal\u00edstica trabajaron para documentar el hecho y determinar las causas que desencadenaron el siniestro.<\/p>\n","protected":false},"excerpt":{"rendered":"<p>Ayer, efectivos de la zona y peritos en Criminal\u00edstica trabajaron sobre ruta provincial N\u00b0 5 donde se produjo el vuelco de un autom\u00f3vil en el que viajaban dos hombres. El conductor identificado como Fernando Hubeaut perdi\u00f3 la vida en el lugar producto de las lesiones sufridas. Pasadas las 18 de ayer, un llamado al Sistema [&hellip;]<\/p>\n","protected":false},"author":2,"featured_media":51132,"comment_status":"open","ping_status":"open","sticky":false,"template":"","format":"standard","meta":{"tdm_status":"","tdm_grid_status":"","_joinchat":[],"footnotes":""},"categories":[63],"tags":[],"class_list":{"0":"post-51131","1":"post","2":"type-post","3":"status-publish","4":"format-standard","5":"has-post-thumbnail","7":"category-policiales"},"amp_enabled":true,"_links":{"self":[{"href":"https:\/\/www.todoeldia.com\/index.php\/wp-json\/wp\/v2\/posts\/51131","targetHints":{"allow":["GET"]}}],"collection":[{"href":"https:\/\/www.todoeldia.com\/index.php\/wp-json\/wp\/v2\/posts"}],"about":[{"href":"https:\/\/www.todoeldia.com\/index.php\/wp-json\/wp\/v2\/types\/post"}],"author":[{"embeddable":true,"href":"https:\/\/www.todoeldia.com\/index.php\/wp-json\/wp\/v2\/users\/2"}],"replies":[{"embeddable":true,"href":"https:\/\/www.todoeldia.com\/index.php\/wp-json\/wp\/v2\/comments?post=51131"}],"version-history":[{"count":2,"href":"https:\/\/www.todoeldia.com\/index.php\/wp-json\/wp\/v2\/posts\/51131\/revisions"}],"predecessor-version":[{"id":51147,"href":"https:\/\/www.todoeldia.com\/index.php\/wp-json\/wp\/v2\/posts\/51131\/revisions\/51147"}],"wp:featuredmedia":[{"embeddable":true,"href":"https:\/\/www.todoeldia.com\/index.php\/wp-json\/wp\/v2\/media\/51132"}],"wp:attachment":[{"href":"https:\/\/www.todoeldia.com\/index.php\/wp-json\/wp\/v2\/media?parent=51131"}],"wp:term":[{"taxonomy":"category","embeddable":true,"href":"https:\/\/www.todoeldia.com\/index.php\/wp-json\/wp\/v2\/categories?post=51131"},{"taxonomy":"post_tag","embeddable":true,"href":"https:\/\/www.todoeldia.com\/index.php\/wp-json\/wp\/v2\/tags?post=51131"}],"curies":[{"name":"wp","href":"https:\/\/api.w.org\/{rel}","templated":true}]}}