{"id":51148,"date":"2023-01-09T21:04:30","date_gmt":"2023-01-10T00:04:30","guid":{"rendered":"https:\/\/www.todoeldia.com\/?p=51148"},"modified":"2023-01-09T21:04:32","modified_gmt":"2023-01-10T00:04:32","slug":"2-detenidos-tras-la-muerte-de-una-bebe-de-19-dias-por-aplastamiento-de-craneo-en-floresta","status":"publish","type":"post","link":"https:\/\/www.todoeldia.com\/index.php\/2023\/01\/09\/2-detenidos-tras-la-muerte-de-una-bebe-de-19-dias-por-aplastamiento-de-craneo-en-floresta\/","title":{"rendered":"2 detenidos tras la muerte de una beb\u00e9 de 19 d\u00edas por aplastamiento de cr\u00e1neo en Floresta"},"content":{"rendered":"\n<p>El hecho ocurri\u00f3 el pasado s\u00e1bado por la noche en Villa Floresta y por el hecho se detuvo al padre, quien fue imputado este lunes. En las \u00faltimas horas tambi\u00e9n se detuvo al t\u00edo materno de la ni\u00f1a.<\/p>\n\n\n\n<p>La fiscal penal, Ver\u00f3nica Simesen de Bielke, investiga la muerte de una beba de pocos d\u00edas de nacida, quien en circunstancias que se tratan de establecer, sufri\u00f3 aplastamiento de cr\u00e1neo el pasado s\u00e1bado por la noche en una vivienda de Villa Floresta, zona Este de la ciudad de Salta.<\/p>\n\n\n\n<p>Por el hecho se detuvo a su padre, quien fue imputado este lunes como autor del delito de homicidio preterintencional.<\/p>\n\n\n\n<p>Estuvo acompa\u00f1ado de defensa oficial y tras prestar declaraci\u00f3n, se solicit\u00f3 al Juzgado de Garant\u00edas interviniente, su prisi\u00f3n preventiva.<\/p>\n\n\n\n<p>La fiscal Simesen de Bielke inform\u00f3 adem\u00e1s que en las \u00faltimas horas se produjo la detenci\u00f3n de un t\u00edo materno de la peque\u00f1a, quien ser\u00e1 imputado en las pr\u00f3ximas horas como coautor.<\/p>\n\n\n\n<p>Se encuentran en cumplimiento numerosas medidas dispuestas, tendientes a esclarecer lo sucedido.<\/p>\n","protected":false},"excerpt":{"rendered":"<p>El hecho ocurri\u00f3 el pasado s\u00e1bado por la noche en Villa Floresta y por el hecho se detuvo al padre, quien fue imputado este lunes. En las \u00faltimas horas tambi\u00e9n se detuvo al t\u00edo materno de la ni\u00f1a. La fiscal penal, Ver\u00f3nica Simesen de Bielke, investiga la muerte de una beba de pocos d\u00edas de [&hellip;]<\/p>\n","protected":false},"author":2,"featured_media":33278,"comment_status":"open","ping_status":"open","sticky":false,"template":"","format":"standard","meta":{"tdm_status":"","tdm_grid_status":"","_joinchat":[],"footnotes":""},"categories":[63],"tags":[],"class_list":{"0":"post-51148","1":"post","2":"type-post","3":"status-publish","4":"format-standard","5":"has-post-thumbnail","7":"category-policiales"},"amp_enabled":true,"_links":{"self":[{"href":"https:\/\/www.todoeldia.com\/index.php\/wp-json\/wp\/v2\/posts\/51148","targetHints":{"allow":["GET"]}}],"collection":[{"href":"https:\/\/www.todoeldia.com\/index.php\/wp-json\/wp\/v2\/posts"}],"about":[{"href":"https:\/\/www.todoeldia.com\/index.php\/wp-json\/wp\/v2\/types\/post"}],"author":[{"embeddable":true,"href":"https:\/\/www.todoeldia.com\/index.php\/wp-json\/wp\/v2\/users\/2"}],"replies":[{"embeddable":true,"href":"https:\/\/www.todoeldia.com\/index.php\/wp-json\/wp\/v2\/comments?post=51148"}],"version-history":[{"count":1,"href":"https:\/\/www.todoeldia.com\/index.php\/wp-json\/wp\/v2\/posts\/51148\/revisions"}],"predecessor-version":[{"id":51149,"href":"https:\/\/www.todoeldia.com\/index.php\/wp-json\/wp\/v2\/posts\/51148\/revisions\/51149"}],"wp:featuredmedia":[{"embeddable":true,"href":"https:\/\/www.todoeldia.com\/index.php\/wp-json\/wp\/v2\/media\/33278"}],"wp:attachment":[{"href":"https:\/\/www.todoeldia.com\/index.php\/wp-json\/wp\/v2\/media?parent=51148"}],"wp:term":[{"taxonomy":"category","embeddable":true,"href":"https:\/\/www.todoeldia.com\/index.php\/wp-json\/wp\/v2\/categories?post=51148"},{"taxonomy":"post_tag","embeddable":true,"href":"https:\/\/www.todoeldia.com\/index.php\/wp-json\/wp\/v2\/tags?post=51148"}],"curies":[{"name":"wp","href":"https:\/\/api.w.org\/{rel}","templated":true}]}}