{"id":51152,"date":"2023-01-09T21:12:51","date_gmt":"2023-01-10T00:12:51","guid":{"rendered":"https:\/\/www.todoeldia.com\/?p=51152"},"modified":"2023-01-09T21:12:53","modified_gmt":"2023-01-10T00:12:53","slug":"tenia-dos-anos-de-condicional-volvio-a-amenazar-de-muerte-a-su-pareja-y-le-robo-10-mil-pesos","status":"publish","type":"post","link":"https:\/\/www.todoeldia.com\/index.php\/2023\/01\/09\/tenia-dos-anos-de-condicional-volvio-a-amenazar-de-muerte-a-su-pareja-y-le-robo-10-mil-pesos\/","title":{"rendered":"Ten\u00eda dos a\u00f1os de condicional, volvi\u00f3 a amenazar de muerte a su pareja y le rob\u00f3 10 mil pesos"},"content":{"rendered":"\n<p>La v\u00edctima llam\u00f3, desde el ba\u00f1o de su casa, al Sistema de Emergencias 911 solicitando ayuda. El hombre escap\u00f3 por un balc\u00f3n, pero luego fue detenido.<\/p>\n\n\n\n<p>Un hombre fue imputado provisionalmente por la fiscal Claudia Geria, a cargo de la Fiscal\u00eda Penal 2 de Violencia Familiar y de G\u00e9nero en feria, por los delitos de privaci\u00f3n ileg\u00edtima de la libertad agravada, amenazas y hurto, todo en concurso real.<\/p>\n\n\n\n<p>El 3 de enero pasado, una mujer denunci\u00f3 que su ex pareja se present\u00f3 en su domicilio cuando ella iba a salir, le arrebat\u00f3 las llaves y la oblig\u00f3 a ingresar nuevamente. Narr\u00f3 que logr\u00f3 encerrarse en el ba\u00f1o y, desde all\u00ed, llam\u00f3 al Sistema de Emergencias 911 mientras el hombre no cesaba de golpear la puerta y amenazar con matarla.<\/p>\n\n\n\n<p>La denunciante expres\u00f3 que al llegar la polic\u00eda el hombre salt\u00f3 desde un balc\u00f3n, d\u00e1ndose a la fuga. Al salir del ba\u00f1o, y ya con los efectivos en la vivienda, descubri\u00f3 que su expareja le hab\u00eda sustra\u00eddo $10.000 de la cartera.<\/p>\n\n\n\n<p>Horas m\u00e1s tarde, el hombre fue detenido y trasladado a la Alcaid\u00eda General de la Provincia. El imputado hab\u00eda sido condenado el 30 de noviembre de 2022 por desobediencia judicial y da\u00f1os a la pena de 2 meses y 23 d\u00edas de prisi\u00f3n de ejecuci\u00f3n condicional y 2 a\u00f1os de reglas de conducta<\/p>\n","protected":false},"excerpt":{"rendered":"<p>La v\u00edctima llam\u00f3, desde el ba\u00f1o de su casa, al Sistema de Emergencias 911 solicitando ayuda. El hombre escap\u00f3 por un balc\u00f3n, pero luego fue detenido. Un hombre fue imputado provisionalmente por la fiscal Claudia Geria, a cargo de la Fiscal\u00eda Penal 2 de Violencia Familiar y de G\u00e9nero en feria, por los delitos de [&hellip;]<\/p>\n","protected":false},"author":2,"featured_media":20845,"comment_status":"open","ping_status":"open","sticky":false,"template":"","format":"standard","meta":{"tdm_status":"","tdm_grid_status":"","_joinchat":[],"footnotes":""},"categories":[63],"tags":[],"class_list":{"0":"post-51152","1":"post","2":"type-post","3":"status-publish","4":"format-standard","5":"has-post-thumbnail","7":"category-policiales"},"amp_enabled":true,"_links":{"self":[{"href":"https:\/\/www.todoeldia.com\/index.php\/wp-json\/wp\/v2\/posts\/51152","targetHints":{"allow":["GET"]}}],"collection":[{"href":"https:\/\/www.todoeldia.com\/index.php\/wp-json\/wp\/v2\/posts"}],"about":[{"href":"https:\/\/www.todoeldia.com\/index.php\/wp-json\/wp\/v2\/types\/post"}],"author":[{"embeddable":true,"href":"https:\/\/www.todoeldia.com\/index.php\/wp-json\/wp\/v2\/users\/2"}],"replies":[{"embeddable":true,"href":"https:\/\/www.todoeldia.com\/index.php\/wp-json\/wp\/v2\/comments?post=51152"}],"version-history":[{"count":1,"href":"https:\/\/www.todoeldia.com\/index.php\/wp-json\/wp\/v2\/posts\/51152\/revisions"}],"predecessor-version":[{"id":51153,"href":"https:\/\/www.todoeldia.com\/index.php\/wp-json\/wp\/v2\/posts\/51152\/revisions\/51153"}],"wp:featuredmedia":[{"embeddable":true,"href":"https:\/\/www.todoeldia.com\/index.php\/wp-json\/wp\/v2\/media\/20845"}],"wp:attachment":[{"href":"https:\/\/www.todoeldia.com\/index.php\/wp-json\/wp\/v2\/media?parent=51152"}],"wp:term":[{"taxonomy":"category","embeddable":true,"href":"https:\/\/www.todoeldia.com\/index.php\/wp-json\/wp\/v2\/categories?post=51152"},{"taxonomy":"post_tag","embeddable":true,"href":"https:\/\/www.todoeldia.com\/index.php\/wp-json\/wp\/v2\/tags?post=51152"}],"curies":[{"name":"wp","href":"https:\/\/api.w.org\/{rel}","templated":true}]}}