{"id":51156,"date":"2023-01-09T21:22:00","date_gmt":"2023-01-10T00:22:00","guid":{"rendered":"https:\/\/www.todoeldia.com\/?p=51156"},"modified":"2023-01-09T21:22:03","modified_gmt":"2023-01-10T00:22:03","slug":"la-hija-de-37-anos-denuncio-a-su-padre-por-violacion-y-le-dieron-10-anos-de-arresto-domiciliario","status":"publish","type":"post","link":"https:\/\/www.todoeldia.com\/index.php\/2023\/01\/09\/la-hija-de-37-anos-denuncio-a-su-padre-por-violacion-y-le-dieron-10-anos-de-arresto-domiciliario\/","title":{"rendered":"La hija de 37 a\u00f1os denuncio a su padre por violaci\u00f3n y le dieron 10 a\u00f1os de arresto domiciliario"},"content":{"rendered":"\n<p>Un sujeto de 63 a\u00f1os fue condenado a diez a\u00f1os de prisi\u00f3n efectiva por resultar autor materialmente responsable del delito de abuso sexual con acceso carnal agravado por el v\u00ednculo en perjuicio de su hija (37).<\/p>\n\n\n\n<p>La jueza M\u00f3nica Mukdsi, vocal de la Sala VI del Tribunal de Juicio, orden\u00f3 mantener el arresto domiciliario del condenado -dispuesto en noviembre en noviembre de 2021 por el Juzgado de Garant\u00edas 7- con tobillera electr\u00f3nica controlada por la Unidad de Arresto Domiciliario por Monitoreo Electr\u00f3nico (UADME).<\/p>\n\n\n\n<p>Por otro lado, la jueza ofici\u00f3 a la Subsecretaria de Pol\u00edtica contra la Violencia de G\u00e9nero del Gobierno de la Provincia para que, a trav\u00e9s del Polo de la Mujer, se le brinde a la v\u00edctima asistencia integral y gratuita.<\/p>\n\n\n\n<p>El imputado fue denunciado por su hija. La mujer se comunic\u00f3 con el Sistema de Emergencias 911 el mismo d\u00eda del hecho. Manifest\u00f3 que, tras ingerir bebidas alcoh\u00f3licas, se acost\u00f3 a dormir. Se despert\u00f3 de repente cuando su padre la atac\u00f3, accedi\u00e9ndola carnalmente.<\/p>\n\n\n\n<p>Se omiti\u00f3 el nombre completo de las personas involucradas para preservar la identidad de la v\u00edctima y su derecho a la intimidad y confidencialidad.<\/p>\n","protected":false},"excerpt":{"rendered":"<p>Un sujeto de 63 a\u00f1os fue condenado a diez a\u00f1os de prisi\u00f3n efectiva por resultar autor materialmente responsable del delito de abuso sexual con acceso carnal agravado por el v\u00ednculo en perjuicio de su hija (37). La jueza M\u00f3nica Mukdsi, vocal de la Sala VI del Tribunal de Juicio, orden\u00f3 mantener el arresto domiciliario del [&hellip;]<\/p>\n","protected":false},"author":2,"featured_media":37875,"comment_status":"open","ping_status":"open","sticky":false,"template":"","format":"standard","meta":{"tdm_status":"","tdm_grid_status":"","_joinchat":[],"footnotes":""},"categories":[63],"tags":[],"class_list":{"0":"post-51156","1":"post","2":"type-post","3":"status-publish","4":"format-standard","5":"has-post-thumbnail","7":"category-policiales"},"amp_enabled":true,"_links":{"self":[{"href":"https:\/\/www.todoeldia.com\/index.php\/wp-json\/wp\/v2\/posts\/51156","targetHints":{"allow":["GET"]}}],"collection":[{"href":"https:\/\/www.todoeldia.com\/index.php\/wp-json\/wp\/v2\/posts"}],"about":[{"href":"https:\/\/www.todoeldia.com\/index.php\/wp-json\/wp\/v2\/types\/post"}],"author":[{"embeddable":true,"href":"https:\/\/www.todoeldia.com\/index.php\/wp-json\/wp\/v2\/users\/2"}],"replies":[{"embeddable":true,"href":"https:\/\/www.todoeldia.com\/index.php\/wp-json\/wp\/v2\/comments?post=51156"}],"version-history":[{"count":1,"href":"https:\/\/www.todoeldia.com\/index.php\/wp-json\/wp\/v2\/posts\/51156\/revisions"}],"predecessor-version":[{"id":51157,"href":"https:\/\/www.todoeldia.com\/index.php\/wp-json\/wp\/v2\/posts\/51156\/revisions\/51157"}],"wp:featuredmedia":[{"embeddable":true,"href":"https:\/\/www.todoeldia.com\/index.php\/wp-json\/wp\/v2\/media\/37875"}],"wp:attachment":[{"href":"https:\/\/www.todoeldia.com\/index.php\/wp-json\/wp\/v2\/media?parent=51156"}],"wp:term":[{"taxonomy":"category","embeddable":true,"href":"https:\/\/www.todoeldia.com\/index.php\/wp-json\/wp\/v2\/categories?post=51156"},{"taxonomy":"post_tag","embeddable":true,"href":"https:\/\/www.todoeldia.com\/index.php\/wp-json\/wp\/v2\/tags?post=51156"}],"curies":[{"name":"wp","href":"https:\/\/api.w.org\/{rel}","templated":true}]}}