{"id":51162,"date":"2023-01-10T10:03:57","date_gmt":"2023-01-10T13:03:57","guid":{"rendered":"https:\/\/www.todoeldia.com\/?p=51162"},"modified":"2023-01-10T12:25:25","modified_gmt":"2023-01-10T15:25:25","slug":"investigan-la-muerte-de-un-joven-wichi-de-19-anos-en-general-pizarro","status":"publish","type":"post","link":"https:\/\/www.todoeldia.com\/index.php\/2023\/01\/10\/investigan-la-muerte-de-un-joven-wichi-de-19-anos-en-general-pizarro\/","title":{"rendered":"Investigan la muerte de un joven Wichi de 19 a\u00f1os en General Pizarro"},"content":{"rendered":"\n<p>Un joven integrante de la comunidad Eben Ezer fue hallado sin vida y las actuaciones se encuentran en la Justicia.<\/p>\n\n\n\n<p>Agentes y funcionarios del Ministerio de Desarrollo Social brindaron acompa\u00f1amiento a la familia de un joven wich\u00ed identificado como Marcos Donato de 19 a\u00f1os de la comunidad Eben Ezer de General Pizarro, que fue hallado sin vida.<\/p>\n\n\n\n<p>Equipos territoriales de la Secretar\u00eda de Asuntos Ind\u00edgenas, asistieron a la familia, mantuvieron un encuentro con ellos y los acompa\u00f1aron a hablar con funcionarios policiales y judiciales.<\/p>\n\n\n\n<p>La familia pidi\u00f3 el esclarecimiento del hecho, y las actuaciones se encuentran a cargo de la Fiscal\u00eda Penal de Apolinario Saravia.<\/p>\n\n\n\n<p>Antol\u00edn Donato es el cacique de la comunidad wich\u00ed Eben Ezer de Pizarro, y el padre de Marcos, el joven de 19 a\u00f1os que, la tarde del 3 de enero pasado sali\u00f3 a jugar f\u00fatbol y no regres\u00f3 con vida. En un desgarrador relato, Donato detall\u00f3 con gran esfuerzo a Nuevo Diario que, esa misma noche del tercer d\u00eda del a\u00f1o, polic\u00edas llegaron hasta su comunidad preguntando &#8220;si faltaba alguien&#8221;. En ese momento no estaba su hijo, y al informar esta situaci\u00f3n, los mismos efectivos le solicitaron al cacique el DNI del joven y restantes datos para comunicarse.<\/p>\n\n\n\n<p>El hombre facilit\u00f3 con premura la documentaci\u00f3n, y as\u00ed fue como al d\u00eda siguiente la polic\u00eda lo llam\u00f3 para informarle que su hijo se hab\u00eda suicidado de un tiro en el pecho y que deb\u00eda retirar el cuerpo y enterrarlo. A partir de all\u00ed, las horas de dolor fueron a\u00fan m\u00e1s incontables e inexplicables cuando, al encontrarse con el caj\u00f3n con los restos de Mateo, tambi\u00e9n se encuentran con la recomendaci\u00f3n de la polic\u00eda &#8220;de no abrir el caj\u00f3n&#8221;, consign\u00f3 en Nuevo Diario.<\/p>\n\n\n\n<p>Envueltos en un profundo pesar, los padres desconocieron el consejo y buscaron despedir a su hijo, encontr\u00e1ndose con lo peor: con un angustiante llanto, Donato explic\u00f3 que, a la marca del tiro en el pecho, se le sumaba otra en la zona de la nuca, de donde, seg\u00fan relata &#8220;todav\u00eda sal\u00eda mucha sangre, estaba todo su cuerpo morado como si lo hubieran cagado a palos&#8221;.<\/p>\n\n\n\n<p>La madre de Mateo agreg\u00f3 compungida, que el rostro del joven se encontraba totalmente destrozado, sus genitales mutilados, y sus piernas quemadas. &#8220;Esto no fue un suicidio, el acta fue adulterada y nadie nos quiere explicar qu\u00e9 pas\u00f3&#8221;, insisti\u00f3 el cacique wich\u00ed que pidi\u00f3 justicia por su hijo y por otros j\u00f3venes m\u00e1s, que seg\u00fan revel\u00f3 aparecieron en id\u00e9nticas circunstancias.<\/p>\n\n\n\n<p>Donato asegur\u00f3 que del di\u00e1logo con la fiscal (de apellido Zigar\u00e1n, seg\u00fan refiri\u00f3), la misma le indic\u00f3 que deb\u00eda esperar al informe de la polic\u00eda para poder realizar una denuncia: &#8220;No queremos esperar, queremos que aparezca quien es el responsable de la muerte de mi hijo, \u00e9l fue asesinado&#8221;, finaliz\u00f3 en medio del llanto ahogado.<\/p>\n","protected":false},"excerpt":{"rendered":"<p>Un joven integrante de la comunidad Eben Ezer fue hallado sin vida y las actuaciones se encuentran en la Justicia. Agentes y funcionarios del Ministerio de Desarrollo Social brindaron acompa\u00f1amiento a la familia de un joven wich\u00ed identificado como Marcos Donato de 19 a\u00f1os de la comunidad Eben Ezer de General Pizarro, que fue hallado [&hellip;]<\/p>\n","protected":false},"author":2,"featured_media":51163,"comment_status":"open","ping_status":"open","sticky":false,"template":"","format":"standard","meta":{"tdm_status":"","tdm_grid_status":"","_joinchat":[],"footnotes":""},"categories":[63],"tags":[],"class_list":{"0":"post-51162","1":"post","2":"type-post","3":"status-publish","4":"format-standard","5":"has-post-thumbnail","7":"category-policiales"},"amp_enabled":true,"_links":{"self":[{"href":"https:\/\/www.todoeldia.com\/index.php\/wp-json\/wp\/v2\/posts\/51162","targetHints":{"allow":["GET"]}}],"collection":[{"href":"https:\/\/www.todoeldia.com\/index.php\/wp-json\/wp\/v2\/posts"}],"about":[{"href":"https:\/\/www.todoeldia.com\/index.php\/wp-json\/wp\/v2\/types\/post"}],"author":[{"embeddable":true,"href":"https:\/\/www.todoeldia.com\/index.php\/wp-json\/wp\/v2\/users\/2"}],"replies":[{"embeddable":true,"href":"https:\/\/www.todoeldia.com\/index.php\/wp-json\/wp\/v2\/comments?post=51162"}],"version-history":[{"count":2,"href":"https:\/\/www.todoeldia.com\/index.php\/wp-json\/wp\/v2\/posts\/51162\/revisions"}],"predecessor-version":[{"id":51169,"href":"https:\/\/www.todoeldia.com\/index.php\/wp-json\/wp\/v2\/posts\/51162\/revisions\/51169"}],"wp:featuredmedia":[{"embeddable":true,"href":"https:\/\/www.todoeldia.com\/index.php\/wp-json\/wp\/v2\/media\/51163"}],"wp:attachment":[{"href":"https:\/\/www.todoeldia.com\/index.php\/wp-json\/wp\/v2\/media?parent=51162"}],"wp:term":[{"taxonomy":"category","embeddable":true,"href":"https:\/\/www.todoeldia.com\/index.php\/wp-json\/wp\/v2\/categories?post=51162"},{"taxonomy":"post_tag","embeddable":true,"href":"https:\/\/www.todoeldia.com\/index.php\/wp-json\/wp\/v2\/tags?post=51162"}],"curies":[{"name":"wp","href":"https:\/\/api.w.org\/{rel}","templated":true}]}}