{"id":51183,"date":"2023-01-10T14:29:16","date_gmt":"2023-01-10T17:29:16","guid":{"rendered":"https:\/\/www.todoeldia.com\/?p=51183"},"modified":"2023-01-10T14:29:18","modified_gmt":"2023-01-10T17:29:18","slug":"566-casos-de-covid-en-la-ultima-semana-en-salta","status":"publish","type":"post","link":"https:\/\/www.todoeldia.com\/index.php\/2023\/01\/10\/566-casos-de-covid-en-la-ultima-semana-en-salta\/","title":{"rendered":"566 casos de Covid en la \u00faltima semana en Salta"},"content":{"rendered":"\n<p>La Direcci\u00f3n General de Coordinaci\u00f3n Epidemiol\u00f3gica del Ministerio de Salud P\u00fablica, dio a conocer un informe sobre la primera semana epidemiol\u00f3gica, comprendida entre el 1 y el 7 de enero, en el cual se incluyen los siguientes datos:<\/p>\n\n\n\n<p>En la semana epidemiol\u00f3gica 1 (SE1), se notificaron 566 casos de COVID-19, de los cuales 317 corresponden al departamento Capital.<\/p>\n\n\n\n<p>Cerrillos: 29<\/p>\n\n\n\n<p>San Mart\u00edn: 27<\/p>\n\n\n\n<p>Chicoana: 25<\/p>\n\n\n\n<p>Rosario de Lerma: 25<\/p>\n\n\n\n<p>La Caldera: 20<\/p>\n\n\n\n<p>Anta: 15<\/p>\n\n\n\n<p>Cachi: 8<\/p>\n\n\n\n<p>Cafayate: 1<\/p>\n\n\n\n<p>General G\u00fcemes: 19<\/p>\n\n\n\n<p>Guachipas: 2<\/p>\n\n\n\n<p>Iruya: 0<\/p>\n\n\n\n<p>La Candelaria: 2<\/p>\n\n\n\n<p>La Poma: 5<\/p>\n\n\n\n<p>La Vi\u00f1a: 10<\/p>\n\n\n\n<p>Los Andes: 9<\/p>\n\n\n\n<p>Met\u00e1n: 8<\/p>\n\n\n\n<p>Molinos: 5<\/p>\n\n\n\n<p>Or\u00e1n: 10<\/p>\n\n\n\n<p>Rivadavia: 5<\/p>\n\n\n\n<p>Rosario de la Frontera: 10<\/p>\n\n\n\n<p>San Carlos: 3<\/p>\n\n\n\n<p>Santa Victoria: 11<\/p>\n\n\n\n<p>En este periodo se registr\u00f3 un fallecimiento por COVID-19, lo que lleva la cifra total de decesos, desde el inicio de la pandemia, a 3504.<\/p>\n","protected":false},"excerpt":{"rendered":"<p>La Direcci\u00f3n General de Coordinaci\u00f3n Epidemiol\u00f3gica del Ministerio de Salud P\u00fablica, dio a conocer un informe sobre la primera semana epidemiol\u00f3gica, comprendida entre el 1 y el 7 de enero, en el cual se incluyen los siguientes datos: En la semana epidemiol\u00f3gica 1 (SE1), se notificaron 566 casos de COVID-19, de los cuales 317 corresponden [&hellip;]<\/p>\n","protected":false},"author":2,"featured_media":39136,"comment_status":"open","ping_status":"open","sticky":false,"template":"","format":"standard","meta":{"tdm_status":"","tdm_grid_status":"","_joinchat":[],"footnotes":""},"categories":[65],"tags":[],"class_list":{"0":"post-51183","1":"post","2":"type-post","3":"status-publish","4":"format-standard","5":"has-post-thumbnail","7":"category-coronavirus"},"amp_enabled":true,"_links":{"self":[{"href":"https:\/\/www.todoeldia.com\/index.php\/wp-json\/wp\/v2\/posts\/51183","targetHints":{"allow":["GET"]}}],"collection":[{"href":"https:\/\/www.todoeldia.com\/index.php\/wp-json\/wp\/v2\/posts"}],"about":[{"href":"https:\/\/www.todoeldia.com\/index.php\/wp-json\/wp\/v2\/types\/post"}],"author":[{"embeddable":true,"href":"https:\/\/www.todoeldia.com\/index.php\/wp-json\/wp\/v2\/users\/2"}],"replies":[{"embeddable":true,"href":"https:\/\/www.todoeldia.com\/index.php\/wp-json\/wp\/v2\/comments?post=51183"}],"version-history":[{"count":1,"href":"https:\/\/www.todoeldia.com\/index.php\/wp-json\/wp\/v2\/posts\/51183\/revisions"}],"predecessor-version":[{"id":51184,"href":"https:\/\/www.todoeldia.com\/index.php\/wp-json\/wp\/v2\/posts\/51183\/revisions\/51184"}],"wp:featuredmedia":[{"embeddable":true,"href":"https:\/\/www.todoeldia.com\/index.php\/wp-json\/wp\/v2\/media\/39136"}],"wp:attachment":[{"href":"https:\/\/www.todoeldia.com\/index.php\/wp-json\/wp\/v2\/media?parent=51183"}],"wp:term":[{"taxonomy":"category","embeddable":true,"href":"https:\/\/www.todoeldia.com\/index.php\/wp-json\/wp\/v2\/categories?post=51183"},{"taxonomy":"post_tag","embeddable":true,"href":"https:\/\/www.todoeldia.com\/index.php\/wp-json\/wp\/v2\/tags?post=51183"}],"curies":[{"name":"wp","href":"https:\/\/api.w.org\/{rel}","templated":true}]}}