{"id":51193,"date":"2023-01-10T14:47:50","date_gmt":"2023-01-10T17:47:50","guid":{"rendered":"https:\/\/www.todoeldia.com\/?p=51193"},"modified":"2023-01-10T14:47:52","modified_gmt":"2023-01-10T17:47:52","slug":"declaro-y-fue-imputado-el-tio-de-la-beba-asesinada","status":"publish","type":"post","link":"https:\/\/www.todoeldia.com\/index.php\/2023\/01\/10\/declaro-y-fue-imputado-el-tio-de-la-beba-asesinada\/","title":{"rendered":"Declar\u00f3 y fue imputado el t\u00edo de la beba asesinada"},"content":{"rendered":"\n<p>Tras su detenci\u00f3n, fue imputado y dio su versi\u00f3n de lo ocurrido. Se solicit\u00f3 su prisi\u00f3n preventiva. Por el hecho ya se encuentra detenido e imputado el padre de la menor.<\/p>\n\n\n\n<p>La fiscal penal 2 de la Unidad de Graves Atentados contra las Personas en feria, Ver\u00f3nica Simesen de Bielke, investiga la muerte de una beba de pocos d\u00edas de nacida, quien en circunstancias que se tratan de establecer, sufri\u00f3 aplastamiento de cr\u00e1neo el pasado s\u00e1bado por la noche en una vivienda de Villa Floresta, zona Este de la ciudad de Salta.<\/p>\n\n\n\n<p>El t\u00edo de la menor, un hombre de 25 a\u00f1os, fue imputado este martes como coautor del delito de homicidio preterintencional.<\/p>\n\n\n\n<p>Cabe recordar que por el hecho ya fue imputado el padre de la ni\u00f1a fallecida.<\/p>\n\n\n\n<p>Estuvo acompa\u00f1ado de defensa oficial y prest\u00f3 declaraci\u00f3n, dando su versi\u00f3n de lo ocurrido. Desde la Fiscal\u00eda se solicit\u00f3 al Juzgado de Garant\u00edas interviniente, su prisi\u00f3n preventiva.<\/p>\n","protected":false},"excerpt":{"rendered":"<p>Tras su detenci\u00f3n, fue imputado y dio su versi\u00f3n de lo ocurrido. Se solicit\u00f3 su prisi\u00f3n preventiva. Por el hecho ya se encuentra detenido e imputado el padre de la menor. La fiscal penal 2 de la Unidad de Graves Atentados contra las Personas en feria, Ver\u00f3nica Simesen de Bielke, investiga la muerte de una [&hellip;]<\/p>\n","protected":false},"author":2,"featured_media":51194,"comment_status":"open","ping_status":"open","sticky":false,"template":"","format":"standard","meta":{"tdm_status":"","tdm_grid_status":"","_joinchat":[],"footnotes":""},"categories":[63],"tags":[],"class_list":{"0":"post-51193","1":"post","2":"type-post","3":"status-publish","4":"format-standard","5":"has-post-thumbnail","7":"category-policiales"},"amp_enabled":true,"_links":{"self":[{"href":"https:\/\/www.todoeldia.com\/index.php\/wp-json\/wp\/v2\/posts\/51193","targetHints":{"allow":["GET"]}}],"collection":[{"href":"https:\/\/www.todoeldia.com\/index.php\/wp-json\/wp\/v2\/posts"}],"about":[{"href":"https:\/\/www.todoeldia.com\/index.php\/wp-json\/wp\/v2\/types\/post"}],"author":[{"embeddable":true,"href":"https:\/\/www.todoeldia.com\/index.php\/wp-json\/wp\/v2\/users\/2"}],"replies":[{"embeddable":true,"href":"https:\/\/www.todoeldia.com\/index.php\/wp-json\/wp\/v2\/comments?post=51193"}],"version-history":[{"count":1,"href":"https:\/\/www.todoeldia.com\/index.php\/wp-json\/wp\/v2\/posts\/51193\/revisions"}],"predecessor-version":[{"id":51195,"href":"https:\/\/www.todoeldia.com\/index.php\/wp-json\/wp\/v2\/posts\/51193\/revisions\/51195"}],"wp:featuredmedia":[{"embeddable":true,"href":"https:\/\/www.todoeldia.com\/index.php\/wp-json\/wp\/v2\/media\/51194"}],"wp:attachment":[{"href":"https:\/\/www.todoeldia.com\/index.php\/wp-json\/wp\/v2\/media?parent=51193"}],"wp:term":[{"taxonomy":"category","embeddable":true,"href":"https:\/\/www.todoeldia.com\/index.php\/wp-json\/wp\/v2\/categories?post=51193"},{"taxonomy":"post_tag","embeddable":true,"href":"https:\/\/www.todoeldia.com\/index.php\/wp-json\/wp\/v2\/tags?post=51193"}],"curies":[{"name":"wp","href":"https:\/\/api.w.org\/{rel}","templated":true}]}}