{"id":51208,"date":"2023-01-10T16:51:57","date_gmt":"2023-01-10T19:51:57","guid":{"rendered":"https:\/\/www.todoeldia.com\/?p=51208"},"modified":"2023-01-10T16:51:59","modified_gmt":"2023-01-10T19:51:59","slug":"otro-fracaso-juan-schiaretti-y-juan-manuel-urtubey-lanzaron-un-espacio-anti-grieta-y-se-presentaran-a-la-eleccion-presidencial","status":"publish","type":"post","link":"https:\/\/www.todoeldia.com\/index.php\/2023\/01\/10\/otro-fracaso-juan-schiaretti-y-juan-manuel-urtubey-lanzaron-un-espacio-anti-grieta-y-se-presentaran-a-la-eleccion-presidencial\/","title":{"rendered":"\u00bfOtro fracaso?: Juan Schiaretti y Juan Manuel Urtubey lanzaron un espacio &#8220;anti grieta&#8221; y se presentar\u00e1n a la elecci\u00f3n presidencial"},"content":{"rendered":"\n<p>&#8220;Ni con los K ni con el Frente de Todos&#8221;, remarcaron los dos referentes peronistas del interior. Ambos ser\u00e1n precandidatos a Presidente.<\/p>\n\n\n\n<p>El gobernador peronista de C\u00f3rdoba, Juan Schiaretti, y el ex gobernador de Salta -y tambi\u00e9n peronista-, Juan Manuel Urtubey lanzaron un espacio pol\u00edtico para competir en las elecciones presidenciales de este a\u00f1o con el principal objetivo de ir &#8220;por fuera de la grieta&#8221;. Ambos se presentar\u00e1n como precandidatos a Presidente y competir\u00e1n en las PASO.<\/p>\n\n\n\n<p>Ambos dirigentes afirmaron que construir\u00e1n &#8220;un espacio pol\u00edtico superador, por fuera de la grieta&#8221; en el que ambos competir\u00e1n por la candidatura presidencial. Almorzaron este martes en la Casa de C\u00f3rdoba en Buenos Aires, y coincidieron en avanzar en &#8220;la construcci\u00f3n de un espacio pol\u00edtico superador, por fuera de la grieta&#8221;.<\/p>\n\n\n\n<p>Los dos expresaron su decisi\u00f3n de ser candidatos a Presidente y competir dentro de ese nuevo espacio, incluyendo a quienes quieran integrar esa propuesta peronista no kirchnerista.<\/p>\n\n\n\n<p>En ese sentido, en el encuentro destacaron que no van a ir &#8220;a ninguna Paso con el Kirchnerismo&#8221; y concluyeron: &#8220;Ni con los K ni con el Frente de Todos&#8221;. Tambi\u00e9n hablaron del escenario nacional e internacional y del contexto econ\u00f3mico que atraviesa el pa\u00eds.<\/p>\n\n\n\n<p>Ya en octubre, Urtubey hab\u00eda adelantado lo que confirmaron este martes. &#8220;Se debe construir un espacio para saltar la grieta. Estamos trabajando en eso con el gobernador Schiaretti y dirigentes de distintas provincias, mucho m\u00e1s de lo que en la apariencia se ve, porque estamos frente a una etapa agotada de la Argentina&#8221;.<\/p>\n\n\n\n<p>&#8220;Estamos frente a una etapa agotada de la Argentina&#8221;, enfatiz\u00f3 el exgobernador de Salta.<\/p>\n\n\n\n<p>&#8220;Mi planteo es no discutamos posiciones de poder, discutamos el acuerdo que necesita la Argentina. Venimos conversando con Florencio Randazzo, con Graciela Cama\u00f1o, y con dirigentes de distintos lugares del interior de la argentina&#8221;, puntualiz\u00f3 Urtubey en di\u00e1logo con radio La Red hace pocos meses. \u200b<\/p>\n\n\n\n<p>Schiaretti, gobernador de C\u00f3rdoba entre 2007 y 2011, y desde 2015 hasta la actualidad, no se presentar\u00e1 por un nuevo mandato en esa provincia, donde bendijo al intendente de C\u00f3rdoba capital, Mart\u00edn Llaryora. A los 73 a\u00f1os ser\u00e1 precandidato presidencial de cara a las PASO.<\/p>\n\n\n\n<p>Alternativa Federal, el \u00faltimo ensayo peronista no kirchnerista<\/p>\n\n\n\n<figure class=\"wp-block-image size-full is-resized\"><img loading=\"lazy\" decoding=\"async\" src=\"https:\/\/www.todoeldia.com\/wp-content\/uploads\/2023\/01\/image-43.png\" alt=\"\" class=\"wp-image-51210\" width=\"909\" height=\"606\" srcset=\"https:\/\/www.todoeldia.com\/wp-content\/uploads\/2023\/01\/image-43.png 720w, https:\/\/www.todoeldia.com\/wp-content\/uploads\/2023\/01\/image-43-300x200.png 300w, https:\/\/www.todoeldia.com\/wp-content\/uploads\/2023\/01\/image-43-696x464.png 696w, https:\/\/www.todoeldia.com\/wp-content\/uploads\/2023\/01\/image-43-630x420.png 630w\" sizes=\"auto, (max-width: 909px) 100vw, 909px\" \/><figcaption class=\"wp-element-caption\"><strong>Juan Manuel Urtubey, Sergio Massa y Miguel \u00c1ngel Pichetto cuando formaron Alternativa Federal<\/strong><\/figcaption><\/figure>\n\n\n\n<p>En 2019, Urtubey y Schiaretti hab\u00edan conformado otro frente opositor en el que tambi\u00e9n estaban Sergio Massa y Miguel Angel Pichetto al que bautizaron Alternativa Federal. Sin embargo, la experiencia no termin\u00f3 bien, especialmente por Sergio Massa.<\/p>\n\n\n\n<p>En mayo de 2019, un mes antes del cierre de listas y con Urtubey lanzado como precandidato presidencial, el Frente Renovador que lidera Sergio Massa autoriz\u00f3 al ahora ministro de Econom\u00eda a negociar con la oposici\u00f3n, en especial con el kirchnerismo, el armado de un frente opositor.<\/p>\n\n\n\n<p>&#8220;No vamos a sumarnos a ese espect\u00e1culo grotesco en donde los pol\u00edticos lo que est\u00e1n discutiendo es posiciones de poder, mientras la gente se caga de hambre en Argentina&#8221;, dijo en ese momento Urtubey. Finalmente d\u00edas despu\u00e9s Massa se acerc\u00f3 al kirchnerismo y formaron el Frente de Todos con Alberto Fern\u00e1ndez como candidato presidencial y Cristina Kirchner de vice.<\/p>\n\n\n\n<p>El otro integrante de esa alianza, Miguel Angel Pichetto termin\u00f3 como candidato a vicepresidente de Mauricio Macri y as\u00ed sell\u00f3 su integraci\u00f3n a Juntos por el Cambio, que termin\u00f3 en una derrota.<\/p>\n\n\n\n<p>Mientras que Urtubey, declin\u00f3 de su precandidatura presidencial y fue candidato a vicepresidente detr\u00e1s del economista Roberto Lavagna.<\/p>\n","protected":false},"excerpt":{"rendered":"<p>&#8220;Ni con los K ni con el Frente de Todos&#8221;, remarcaron los dos referentes peronistas del interior. Ambos ser\u00e1n precandidatos a Presidente. El gobernador peronista de C\u00f3rdoba, Juan Schiaretti, y el ex gobernador de Salta -y tambi\u00e9n peronista-, Juan Manuel Urtubey lanzaron un espacio pol\u00edtico para competir en las elecciones presidenciales de este a\u00f1o con [&hellip;]<\/p>\n","protected":false},"author":2,"featured_media":51209,"comment_status":"open","ping_status":"open","sticky":false,"template":"","format":"standard","meta":{"tdm_status":"","tdm_grid_status":"","_joinchat":[],"footnotes":""},"categories":[59],"tags":[],"class_list":{"0":"post-51208","1":"post","2":"type-post","3":"status-publish","4":"format-standard","5":"has-post-thumbnail","7":"category-politica"},"amp_enabled":true,"_links":{"self":[{"href":"https:\/\/www.todoeldia.com\/index.php\/wp-json\/wp\/v2\/posts\/51208","targetHints":{"allow":["GET"]}}],"collection":[{"href":"https:\/\/www.todoeldia.com\/index.php\/wp-json\/wp\/v2\/posts"}],"about":[{"href":"https:\/\/www.todoeldia.com\/index.php\/wp-json\/wp\/v2\/types\/post"}],"author":[{"embeddable":true,"href":"https:\/\/www.todoeldia.com\/index.php\/wp-json\/wp\/v2\/users\/2"}],"replies":[{"embeddable":true,"href":"https:\/\/www.todoeldia.com\/index.php\/wp-json\/wp\/v2\/comments?post=51208"}],"version-history":[{"count":1,"href":"https:\/\/www.todoeldia.com\/index.php\/wp-json\/wp\/v2\/posts\/51208\/revisions"}],"predecessor-version":[{"id":51211,"href":"https:\/\/www.todoeldia.com\/index.php\/wp-json\/wp\/v2\/posts\/51208\/revisions\/51211"}],"wp:featuredmedia":[{"embeddable":true,"href":"https:\/\/www.todoeldia.com\/index.php\/wp-json\/wp\/v2\/media\/51209"}],"wp:attachment":[{"href":"https:\/\/www.todoeldia.com\/index.php\/wp-json\/wp\/v2\/media?parent=51208"}],"wp:term":[{"taxonomy":"category","embeddable":true,"href":"https:\/\/www.todoeldia.com\/index.php\/wp-json\/wp\/v2\/categories?post=51208"},{"taxonomy":"post_tag","embeddable":true,"href":"https:\/\/www.todoeldia.com\/index.php\/wp-json\/wp\/v2\/tags?post=51208"}],"curies":[{"name":"wp","href":"https:\/\/api.w.org\/{rel}","templated":true}]}}