{"id":51212,"date":"2023-01-10T17:00:13","date_gmt":"2023-01-10T20:00:13","guid":{"rendered":"https:\/\/www.todoeldia.com\/?p=51212"},"modified":"2023-01-10T17:00:15","modified_gmt":"2023-01-10T20:00:15","slug":"murio-sara-la-jubilada-rebelde-de-palermo-que-rompio-la-cuarentena-para-tomar-sol-en-el-parque","status":"publish","type":"post","link":"https:\/\/www.todoeldia.com\/index.php\/2023\/01\/10\/murio-sara-la-jubilada-rebelde-de-palermo-que-rompio-la-cuarentena-para-tomar-sol-en-el-parque\/","title":{"rendered":"Muri\u00f3 Sara la jubilada &#8220;rebelde&#8221; de Palermo que rompi\u00f3 la cuarentena para tomar sol en el parque"},"content":{"rendered":"\n<p>La mujer se llamaba Sara Oyuela, ten\u00eda 86 a\u00f1os y es recordada por su cruce con la Polic\u00eda de la Ciudad.<\/p>\n\n\n\n<p>Eran las 15 horas del 21 de abril de 2020. El mundo se hab\u00eda acostumbrado a la cuarentena en medio de la pandemia de COVID-19. En Argentina, el Aislamiento Social, Preventivo y Obligatorio hab\u00eda comenzado el 20 de marzo y se extend\u00eda semana a semana para evitar la propagaci\u00f3n del virus, el quiebre del sistema de salud y las consecuentes muertes. Pero a Sara Oyuela, una jubilada que ten\u00eda 83 a\u00f1os no le import\u00f3 nada y sali\u00f3 a tomar sol a un parque de Palermo, en la Ciudad de Buenos Aires. Durante mucho tiempo fue recordada por ese enfrentamiento con la Polic\u00eda de la Ciudad. Hace pocas horas, la mujer falleci\u00f3.<\/p>\n\n\n\n<figure class=\"wp-block-image size-full is-resized\"><img loading=\"lazy\" decoding=\"async\" src=\"https:\/\/www.todoeldia.com\/wp-content\/uploads\/2023\/01\/image-44.png\" alt=\"\" class=\"wp-image-51214\" width=\"914\" height=\"573\" srcset=\"https:\/\/www.todoeldia.com\/wp-content\/uploads\/2023\/01\/image-44.png 720w, https:\/\/www.todoeldia.com\/wp-content\/uploads\/2023\/01\/image-44-300x188.png 300w, https:\/\/www.todoeldia.com\/wp-content\/uploads\/2023\/01\/image-44-696x436.png 696w, https:\/\/www.todoeldia.com\/wp-content\/uploads\/2023\/01\/image-44-671x420.png 671w\" sizes=\"auto, (max-width: 914px) 100vw, 914px\" \/><\/figure>\n\n\n\n<p>La historia fue as\u00ed. Aquella tarde, Sara le avis\u00f3 a Alejandro, su marido que saldr\u00eda. Agarr\u00f3 una reposera y sus infaltables cigarrillos, abandon\u00f3 su departamento sobre la avenida del Libertador y cruz\u00f3 al Parque Tres de febrero. Ah\u00ed estuvo una hora tomando sol hasta que una vecina de su edificio la vio e, indignada, dio aviso a la Polic\u00eda de la Ciudad.<\/p>\n\n\n\n<figure class=\"wp-block-image size-full is-resized\"><img loading=\"lazy\" decoding=\"async\" src=\"https:\/\/www.todoeldia.com\/wp-content\/uploads\/2023\/01\/image-45.png\" alt=\"\" class=\"wp-image-51215\" width=\"911\" height=\"613\"\/><\/figure>\n\n\n\n<p>Cuando los agentes llegaron, la mujer se neg\u00f3 a irse del parque. \u201cColaboren conmigo, que soy una vieja que necesita aire y sol. No estoy contagiando a nadie\u201d, les dijo. Los oficiales no sab\u00edan qu\u00e9 hacer. \u201cNecesito aire y sol, un rato m\u00e1s, hasta las 15.20. Despu\u00e9s me ir\u00e9\u201d, les volvi\u00f3 a decir ella. Pero no se mov\u00eda. Al rato llegaron dos oficiales mujeres para retirarla. Pero no se animaban.<\/p>\n\n\n\n<figure class=\"wp-block-image size-full is-resized\"><img loading=\"lazy\" decoding=\"async\" src=\"https:\/\/www.todoeldia.com\/wp-content\/uploads\/2023\/01\/image-46.png\" alt=\"\" class=\"wp-image-51216\" width=\"911\" height=\"478\" srcset=\"https:\/\/www.todoeldia.com\/wp-content\/uploads\/2023\/01\/image-46.png 680w, https:\/\/www.todoeldia.com\/wp-content\/uploads\/2023\/01\/image-46-300x158.png 300w\" sizes=\"auto, (max-width: 911px) 100vw, 911px\" \/><\/figure>\n\n\n\n<p>Entonces, el oficial que custodiaba la cuadra y que conoc\u00eda a su marido, fue a tocar timbre y le dijo: \u201cSe\u00f1or Alejandro, \u00bfpuede bajar por favor y convencer a su esposa, que est\u00e1 tomando sol en el Parque 3 de Febrero, a que vuelva a su domicilio?\u201d. La respuesta del hombre fue contundente y dej\u00f3 en claro el car\u00e1cter de la se\u00f1ora: \u201cDisc\u00falpeme pero no puedo bajar. Sepa entender, hace 32 a\u00f1os que estamos casados y nunca la pude convencer de nada\u201d.<\/p>\n","protected":false},"excerpt":{"rendered":"<p>La mujer se llamaba Sara Oyuela, ten\u00eda 86 a\u00f1os y es recordada por su cruce con la Polic\u00eda de la Ciudad. Eran las 15 horas del 21 de abril de 2020. El mundo se hab\u00eda acostumbrado a la cuarentena en medio de la pandemia de COVID-19. En Argentina, el Aislamiento Social, Preventivo y Obligatorio hab\u00eda [&hellip;]<\/p>\n","protected":false},"author":2,"featured_media":51213,"comment_status":"open","ping_status":"open","sticky":false,"template":"","format":"standard","meta":{"tdm_status":"","tdm_grid_status":"","_joinchat":[],"footnotes":""},"categories":[73],"tags":[],"class_list":{"0":"post-51212","1":"post","2":"type-post","3":"status-publish","4":"format-standard","5":"has-post-thumbnail","7":"category-noticias-general"},"amp_enabled":true,"_links":{"self":[{"href":"https:\/\/www.todoeldia.com\/index.php\/wp-json\/wp\/v2\/posts\/51212","targetHints":{"allow":["GET"]}}],"collection":[{"href":"https:\/\/www.todoeldia.com\/index.php\/wp-json\/wp\/v2\/posts"}],"about":[{"href":"https:\/\/www.todoeldia.com\/index.php\/wp-json\/wp\/v2\/types\/post"}],"author":[{"embeddable":true,"href":"https:\/\/www.todoeldia.com\/index.php\/wp-json\/wp\/v2\/users\/2"}],"replies":[{"embeddable":true,"href":"https:\/\/www.todoeldia.com\/index.php\/wp-json\/wp\/v2\/comments?post=51212"}],"version-history":[{"count":1,"href":"https:\/\/www.todoeldia.com\/index.php\/wp-json\/wp\/v2\/posts\/51212\/revisions"}],"predecessor-version":[{"id":51217,"href":"https:\/\/www.todoeldia.com\/index.php\/wp-json\/wp\/v2\/posts\/51212\/revisions\/51217"}],"wp:featuredmedia":[{"embeddable":true,"href":"https:\/\/www.todoeldia.com\/index.php\/wp-json\/wp\/v2\/media\/51213"}],"wp:attachment":[{"href":"https:\/\/www.todoeldia.com\/index.php\/wp-json\/wp\/v2\/media?parent=51212"}],"wp:term":[{"taxonomy":"category","embeddable":true,"href":"https:\/\/www.todoeldia.com\/index.php\/wp-json\/wp\/v2\/categories?post=51212"},{"taxonomy":"post_tag","embeddable":true,"href":"https:\/\/www.todoeldia.com\/index.php\/wp-json\/wp\/v2\/tags?post=51212"}],"curies":[{"name":"wp","href":"https:\/\/api.w.org\/{rel}","templated":true}]}}