{"id":51248,"date":"2023-01-11T20:56:49","date_gmt":"2023-01-11T23:56:49","guid":{"rendered":"https:\/\/www.todoeldia.com\/?p=51248"},"modified":"2023-01-11T20:56:58","modified_gmt":"2023-01-11T23:56:58","slug":"fueron-imputados-los-acusados-del-robo-comando-a-una-empresa-frutihorticola","status":"publish","type":"post","link":"https:\/\/www.todoeldia.com\/index.php\/2023\/01\/11\/fueron-imputados-los-acusados-del-robo-comando-a-una-empresa-frutihorticola\/","title":{"rendered":"Fueron imputados los acusados del robo comando a una empresa frutihort\u00edcola"},"content":{"rendered":"\n<p>4 hombres mayores de edad y 1 menor de edad se encuentran detenidos y fueron imputados como principales sospechosos de un millonario robo ocurrido el pasado 16 de diciembre. Se solicit\u00f3 la prisi\u00f3n preventiva de los mayores.<\/p>\n\n\n\n<p>La Fiscal\u00eda Penal 2 de Or\u00e1n, a cargo en forma interina de la fiscal Daniela Mur\u00faa, inform\u00f3 que se concret\u00f3 la imputaci\u00f3n de 4 hombres mayores de edad como coautores del delito de robo doblemente calificado por ser en poblado y en banda, por el uso de arma de fuego; privaci\u00f3n ileg\u00edtima de la libertad, robo calificado y asociaci\u00f3n il\u00edcita agravado por la intervenci\u00f3n de un menor de edad en concurso real y a un menor de edad como autor del delito de robo doblemente calificado por ser en poblado y en banda y por el uso de arma de fuego; privaci\u00f3n ileg\u00edtima de la libertad, robo calificado y asociaci\u00f3n il\u00edcita en concurso real.<\/p>\n\n\n\n<p>Tras el hecho ocurrido el pasado 16 de diciembre, la Brigada de Investigaciones de la jurisdicci\u00f3n despleg\u00f3 numerosas tareas investigativas tales como relevamiento de c\u00e1maras de seguridad y de testigos, entre otras, que permitieron individualizar a los posibles sospechosos de haber cometido el il\u00edcito.<\/p>\n\n\n\n<p>Cabe destacar que, en los 18 allanamientos realizados en la investigaci\u00f3n, entre otros elementos de inter\u00e9s para la causa, se secuestr\u00f3 una importante cantidad de dinero, el celular de una de las empleadas de la empresa que hab\u00eda sido sustra\u00eddo y prendas de vestir que coincidir\u00edan con las usadas durante el hecho.<\/p>\n\n\n\n<p>Desde la Fiscal\u00eda se solicit\u00f3 al Juzgado de Garant\u00edas interviniente la prisi\u00f3n preventiva de los acusados mayores de edad y se contin\u00faa dando cumplimiento a diversas medidas dispuestas para lograr el esclarecimiento del hecho.<\/p>\n","protected":false},"excerpt":{"rendered":"<p>4 hombres mayores de edad y 1 menor de edad se encuentran detenidos y fueron imputados como principales sospechosos de un millonario robo ocurrido el pasado 16 de diciembre. Se solicit\u00f3 la prisi\u00f3n preventiva de los mayores. La Fiscal\u00eda Penal 2 de Or\u00e1n, a cargo en forma interina de la fiscal Daniela Mur\u00faa, inform\u00f3 que [&hellip;]<\/p>\n","protected":false},"author":2,"featured_media":51249,"comment_status":"open","ping_status":"open","sticky":false,"template":"","format":"standard","meta":{"tdm_status":"","tdm_grid_status":"","_joinchat":[],"footnotes":""},"categories":[63],"tags":[],"class_list":{"0":"post-51248","1":"post","2":"type-post","3":"status-publish","4":"format-standard","5":"has-post-thumbnail","7":"category-policiales"},"amp_enabled":true,"_links":{"self":[{"href":"https:\/\/www.todoeldia.com\/index.php\/wp-json\/wp\/v2\/posts\/51248","targetHints":{"allow":["GET"]}}],"collection":[{"href":"https:\/\/www.todoeldia.com\/index.php\/wp-json\/wp\/v2\/posts"}],"about":[{"href":"https:\/\/www.todoeldia.com\/index.php\/wp-json\/wp\/v2\/types\/post"}],"author":[{"embeddable":true,"href":"https:\/\/www.todoeldia.com\/index.php\/wp-json\/wp\/v2\/users\/2"}],"replies":[{"embeddable":true,"href":"https:\/\/www.todoeldia.com\/index.php\/wp-json\/wp\/v2\/comments?post=51248"}],"version-history":[{"count":1,"href":"https:\/\/www.todoeldia.com\/index.php\/wp-json\/wp\/v2\/posts\/51248\/revisions"}],"predecessor-version":[{"id":51250,"href":"https:\/\/www.todoeldia.com\/index.php\/wp-json\/wp\/v2\/posts\/51248\/revisions\/51250"}],"wp:featuredmedia":[{"embeddable":true,"href":"https:\/\/www.todoeldia.com\/index.php\/wp-json\/wp\/v2\/media\/51249"}],"wp:attachment":[{"href":"https:\/\/www.todoeldia.com\/index.php\/wp-json\/wp\/v2\/media?parent=51248"}],"wp:term":[{"taxonomy":"category","embeddable":true,"href":"https:\/\/www.todoeldia.com\/index.php\/wp-json\/wp\/v2\/categories?post=51248"},{"taxonomy":"post_tag","embeddable":true,"href":"https:\/\/www.todoeldia.com\/index.php\/wp-json\/wp\/v2\/tags?post=51248"}],"curies":[{"name":"wp","href":"https:\/\/api.w.org\/{rel}","templated":true}]}}