{"id":51256,"date":"2023-01-11T21:25:34","date_gmt":"2023-01-12T00:25:34","guid":{"rendered":"https:\/\/www.todoeldia.com\/?p=51256"},"modified":"2023-01-11T21:25:37","modified_gmt":"2023-01-12T00:25:37","slug":"la-navidad-de-la-politica","status":"publish","type":"post","link":"https:\/\/www.todoeldia.com\/index.php\/2023\/01\/11\/la-navidad-de-la-politica\/","title":{"rendered":"La Navidad de la Pol\u00edtica"},"content":{"rendered":"\n<p>Si hay algo que la gente ha dejado de creer, es en las casualidades y mucho menos cuando est\u00e1 la pol\u00edtica de por medio, hace pocos d\u00edas ve\u00edamos un hecho inaceptable, que fue camiones descargando mercader\u00edas en la casa del \u00a0Senador Nacional, Sergio \u201cOso\u201d Leavy como si los fondos p\u00fablicos fueran una extensi\u00f3n del patrimonio privado del poder.<\/p>\n\n\n\n<figure class=\"wp-block-image size-large\"><img loading=\"lazy\" decoding=\"async\" width=\"1024\" height=\"681\" src=\"https:\/\/www.todoeldia.com\/wp-content\/uploads\/2023\/01\/image-50-1024x681.png\" alt=\"\" class=\"wp-image-51258\" srcset=\"https:\/\/www.todoeldia.com\/wp-content\/uploads\/2023\/01\/image-50-1024x681.png 1024w, https:\/\/www.todoeldia.com\/wp-content\/uploads\/2023\/01\/image-50-300x199.png 300w, https:\/\/www.todoeldia.com\/wp-content\/uploads\/2023\/01\/image-50-768x511.png 768w, https:\/\/www.todoeldia.com\/wp-content\/uploads\/2023\/01\/image-50-696x463.png 696w, https:\/\/www.todoeldia.com\/wp-content\/uploads\/2023\/01\/image-50-632x420.png 632w, https:\/\/www.todoeldia.com\/wp-content\/uploads\/2023\/01\/image-50.png 1035w\" sizes=\"auto, (max-width: 1024px) 100vw, 1024px\" \/><\/figure>\n\n\n\n<p>Hoy &#8220;vaya\u00a0 casualidad&#8221;, cajas id\u00e9nticas de esas mercader\u00edas se ve\u00edan en el acampe frente a las empresas AGUAS DEL NORTE y EDESA, responsables de hacer la vida imposible a los tartagalenses, pero la pregunta es: con qu\u00e9 criterios se reparten, con qu\u00e9 intenciones y cu\u00e1les son las prerrogativas para que un funcionario pagado con fondos p\u00fablicos use y abuse indiscriminadamente de la cosa p\u00fablica sin rendir cuentas a nadie, dibujando una par\u00e1bola que lo convierte en lo que supuestamente dice combatir, un sin\u00f3nimo de impunidad.<\/p>\n\n\n\n<figure class=\"wp-block-image size-large\"><img loading=\"lazy\" decoding=\"async\" width=\"1024\" height=\"681\" src=\"https:\/\/www.todoeldia.com\/wp-content\/uploads\/2023\/01\/image-51-1024x681.png\" alt=\"\" class=\"wp-image-51259\" srcset=\"https:\/\/www.todoeldia.com\/wp-content\/uploads\/2023\/01\/image-51-1024x681.png 1024w, https:\/\/www.todoeldia.com\/wp-content\/uploads\/2023\/01\/image-51-300x199.png 300w, https:\/\/www.todoeldia.com\/wp-content\/uploads\/2023\/01\/image-51-768x511.png 768w, https:\/\/www.todoeldia.com\/wp-content\/uploads\/2023\/01\/image-51-696x463.png 696w, https:\/\/www.todoeldia.com\/wp-content\/uploads\/2023\/01\/image-51-632x420.png 632w, https:\/\/www.todoeldia.com\/wp-content\/uploads\/2023\/01\/image-51.png 1035w\" sizes=\"auto, (max-width: 1024px) 100vw, 1024px\" \/><\/figure>\n\n\n\n<figure class=\"wp-block-image size-large\"><img loading=\"lazy\" decoding=\"async\" width=\"1024\" height=\"681\" src=\"https:\/\/www.todoeldia.com\/wp-content\/uploads\/2023\/01\/image-52-1024x681.png\" alt=\"\" class=\"wp-image-51260\" srcset=\"https:\/\/www.todoeldia.com\/wp-content\/uploads\/2023\/01\/image-52-1024x681.png 1024w, https:\/\/www.todoeldia.com\/wp-content\/uploads\/2023\/01\/image-52-300x199.png 300w, https:\/\/www.todoeldia.com\/wp-content\/uploads\/2023\/01\/image-52-768x511.png 768w, https:\/\/www.todoeldia.com\/wp-content\/uploads\/2023\/01\/image-52-696x463.png 696w, https:\/\/www.todoeldia.com\/wp-content\/uploads\/2023\/01\/image-52-632x420.png 632w, https:\/\/www.todoeldia.com\/wp-content\/uploads\/2023\/01\/image-52.png 1035w\" sizes=\"auto, (max-width: 1024px) 100vw, 1024px\" \/><\/figure>\n\n\n\n<p>Video Tar<\/p>\n","protected":false},"excerpt":{"rendered":"<p>Si hay algo que la gente ha dejado de creer, es en las casualidades y mucho menos cuando est\u00e1 la pol\u00edtica de por medio, hace pocos d\u00edas ve\u00edamos un hecho inaceptable, que fue camiones descargando mercader\u00edas en la casa del \u00a0Senador Nacional, Sergio \u201cOso\u201d Leavy como si los fondos p\u00fablicos fueran una extensi\u00f3n del patrimonio [&hellip;]<\/p>\n","protected":false},"author":2,"featured_media":51257,"comment_status":"open","ping_status":"open","sticky":false,"template":"","format":"standard","meta":{"tdm_status":"","tdm_grid_status":"","_joinchat":[],"footnotes":""},"categories":[59],"tags":[],"class_list":{"0":"post-51256","1":"post","2":"type-post","3":"status-publish","4":"format-standard","5":"has-post-thumbnail","7":"category-politica"},"amp_enabled":true,"_links":{"self":[{"href":"https:\/\/www.todoeldia.com\/index.php\/wp-json\/wp\/v2\/posts\/51256","targetHints":{"allow":["GET"]}}],"collection":[{"href":"https:\/\/www.todoeldia.com\/index.php\/wp-json\/wp\/v2\/posts"}],"about":[{"href":"https:\/\/www.todoeldia.com\/index.php\/wp-json\/wp\/v2\/types\/post"}],"author":[{"embeddable":true,"href":"https:\/\/www.todoeldia.com\/index.php\/wp-json\/wp\/v2\/users\/2"}],"replies":[{"embeddable":true,"href":"https:\/\/www.todoeldia.com\/index.php\/wp-json\/wp\/v2\/comments?post=51256"}],"version-history":[{"count":1,"href":"https:\/\/www.todoeldia.com\/index.php\/wp-json\/wp\/v2\/posts\/51256\/revisions"}],"predecessor-version":[{"id":51261,"href":"https:\/\/www.todoeldia.com\/index.php\/wp-json\/wp\/v2\/posts\/51256\/revisions\/51261"}],"wp:featuredmedia":[{"embeddable":true,"href":"https:\/\/www.todoeldia.com\/index.php\/wp-json\/wp\/v2\/media\/51257"}],"wp:attachment":[{"href":"https:\/\/www.todoeldia.com\/index.php\/wp-json\/wp\/v2\/media?parent=51256"}],"wp:term":[{"taxonomy":"category","embeddable":true,"href":"https:\/\/www.todoeldia.com\/index.php\/wp-json\/wp\/v2\/categories?post=51256"},{"taxonomy":"post_tag","embeddable":true,"href":"https:\/\/www.todoeldia.com\/index.php\/wp-json\/wp\/v2\/tags?post=51256"}],"curies":[{"name":"wp","href":"https:\/\/api.w.org\/{rel}","templated":true}]}}