{"id":51265,"date":"2023-01-11T22:35:28","date_gmt":"2023-01-12T01:35:28","guid":{"rendered":"https:\/\/www.todoeldia.com\/?p=51265"},"modified":"2023-01-11T22:35:30","modified_gmt":"2023-01-12T01:35:30","slug":"una-diosa-cande-tinelli-confirmo-que-le-hicieron-la-cola-y-mostro-como-le-quedo","status":"publish","type":"post","link":"https:\/\/www.todoeldia.com\/index.php\/2023\/01\/11\/una-diosa-cande-tinelli-confirmo-que-le-hicieron-la-cola-y-mostro-como-le-quedo\/","title":{"rendered":"\u00a1Una diosa! Cande Tinelli confirm\u00f3 que le hicieron la cola y mostr\u00f3 c\u00f3mo le qued\u00f3"},"content":{"rendered":"\n<p>A fines de 2022, Candelaria Tinelli eligi\u00f3 cumplir con un cl\u00e1sico en su vida y viaj\u00f3 a Uruguay, para instalarse en Guanahani, la chacra mar\u00edtima de su pap\u00e1 Marcelo Tinelli, ubicada en La Boyita, a pocos kil\u00f3metros de Punta del Este. As\u00ed contin\u00faa de vacaciones sin otras preocupaciones que saber si el d\u00eda estar\u00e1 soleado o si las nubes le impedir\u00e1n disfrutar de la playa o de su pileta.<\/p>\n\n\n\n<figure class=\"wp-block-image size-full is-resized\"><img loading=\"lazy\" decoding=\"async\" src=\"https:\/\/www.todoeldia.com\/wp-content\/uploads\/2023\/01\/cande-y-su-cola.jpg\" alt=\"\" class=\"wp-image-51267\" width=\"1065\" height=\"1350\"\/><\/figure>\n\n\n\n<p>M\u00e1s all\u00e1 de esos beneficios en su vida, Cande tambi\u00e9n disfruta de sus redes sociales, en especial de Instagram, donde suele mostrar su costado m\u00e1s glamoroso, el profesional, vinculado a su bella voz, y tambi\u00e9n a lo m\u00e1s personal, ya que se muestra como casi nunca lo hace.<\/p>\n\n\n\n<figure class=\"wp-block-image size-large\"><img loading=\"lazy\" decoding=\"async\" width=\"821\" height=\"1024\" src=\"https:\/\/www.todoeldia.com\/wp-content\/uploads\/2023\/01\/image-53-821x1024.png\" alt=\"\" class=\"wp-image-51268\" srcset=\"https:\/\/www.todoeldia.com\/wp-content\/uploads\/2023\/01\/image-53-821x1024.png 821w, https:\/\/www.todoeldia.com\/wp-content\/uploads\/2023\/01\/image-53-241x300.png 241w, https:\/\/www.todoeldia.com\/wp-content\/uploads\/2023\/01\/image-53-768x958.png 768w, https:\/\/www.todoeldia.com\/wp-content\/uploads\/2023\/01\/image-53-300x374.png 300w, https:\/\/www.todoeldia.com\/wp-content\/uploads\/2023\/01\/image-53-696x868.png 696w, https:\/\/www.todoeldia.com\/wp-content\/uploads\/2023\/01\/image-53-337x420.png 337w, https:\/\/www.todoeldia.com\/wp-content\/uploads\/2023\/01\/image-53.png 962w\" sizes=\"auto, (max-width: 821px) 100vw, 821px\" \/><\/figure>\n\n\n\n<p>Abierta a nivel personal, tambi\u00e9n ostenta su bella, que fue decorada con infinidad de litros de tinta en todo su cuerpo y en forma de tatuajes. Por ese motivo, muchas personas, llamadas haters, se dedican a criticarla sin piedad. Ella no les hace caso. O s\u00ed.<\/p>\n\n\n\n<p>Hace poco, despu\u00e9s de la publicaci\u00f3n de un carrusel de fotos en donde se la ve\u00eda en bikini, muchos followers, an\u00f3nimos la mayor\u00eda, la castigaban afirmando que se hab\u00eda operado su cuerpo. Lo llamativo es que ella nunca neg\u00f3 sus cirug\u00edas y por eso no hab\u00eda motivo para castigarla de tal manera.<\/p>\n\n\n\n<figure class=\"wp-block-image size-full is-resized\"><img loading=\"lazy\" decoding=\"async\" src=\"https:\/\/www.todoeldia.com\/wp-content\/uploads\/2023\/01\/image-54.png\" alt=\"\" class=\"wp-image-51269\" width=\"1069\" height=\"1351\"\/><\/figure>\n\n\n\n<p>Pero ella, con altura, les respondi\u00f3 sin dramas. Desde una de sus historias de Instagram, les respondi\u00f3 a los curiosos y tambi\u00e9n a los malos que pusieron el foco en una supuesta operaci\u00f3n de gl\u00fateos. Tambi\u00e9n sum\u00f3 una fotograf\u00eda en la que se lave descansando.<\/p>\n\n\n\n<figure class=\"wp-block-image size-full is-resized\"><img loading=\"lazy\" decoding=\"async\" src=\"https:\/\/www.todoeldia.com\/wp-content\/uploads\/2023\/01\/image-55.png\" alt=\"\" class=\"wp-image-51270\" width=\"1066\" height=\"815\"\/><\/figure>\n\n\n\n<p>Directa como siempre, Lel\u00e9 public\u00f3 en su cuenta de Instagram: \u201cPara los que me preguntan (real) si me puse gl\u00fateos les cuento que s\u00ed, hace un tiempo ya con el n\u00famero uno\u201d, En realidad no utiliz\u00f3 la palabra gl\u00fateos sino que usoel emoji de durazno. Tambi\u00e9n cont\u00f3 que el encargado de darle forma a su cola fue el cirujano pl\u00e1stico Gustavo Sampietro. Tambi\u00e9n dijo: \u201cSaben que no tengo ni un problema en decir las cosas que me hago\u201d. En su posteo, luego de que una usuaria le dijera: \u201cSe re nota\u201d, ella le contest\u00f3: \u201cEs la idea\u201d. Y eso que Cande jam\u00e1s ocult\u00f3 ni una operaci\u00f3n. Hace poco cont\u00f3 que se hab\u00eda operado la nariz. Y no contenta con eso, subi\u00f3 varias fotos del proceso de recuperaci\u00f3n, llevan de vendajes en la cara.<\/p>\n\n\n\n<figure class=\"wp-block-image size-full is-resized\"><img loading=\"lazy\" decoding=\"async\" src=\"https:\/\/www.todoeldia.com\/wp-content\/uploads\/2023\/01\/image-56.png\" alt=\"\" class=\"wp-image-51271\" width=\"1064\" height=\"1260\"\/><\/figure>\n","protected":false},"excerpt":{"rendered":"<p>A fines de 2022, Candelaria Tinelli eligi\u00f3 cumplir con un cl\u00e1sico en su vida y viaj\u00f3 a Uruguay, para instalarse en Guanahani, la chacra mar\u00edtima de su pap\u00e1 Marcelo Tinelli, ubicada en La Boyita, a pocos kil\u00f3metros de Punta del Este. As\u00ed contin\u00faa de vacaciones sin otras preocupaciones que saber si el d\u00eda estar\u00e1 soleado [&hellip;]<\/p>\n","protected":false},"author":2,"featured_media":51266,"comment_status":"open","ping_status":"open","sticky":false,"template":"","format":"standard","meta":{"tdm_status":"","tdm_grid_status":"","_joinchat":[],"footnotes":""},"categories":[73],"tags":[],"class_list":{"0":"post-51265","1":"post","2":"type-post","3":"status-publish","4":"format-standard","5":"has-post-thumbnail","7":"category-noticias-general"},"amp_enabled":true,"_links":{"self":[{"href":"https:\/\/www.todoeldia.com\/index.php\/wp-json\/wp\/v2\/posts\/51265","targetHints":{"allow":["GET"]}}],"collection":[{"href":"https:\/\/www.todoeldia.com\/index.php\/wp-json\/wp\/v2\/posts"}],"about":[{"href":"https:\/\/www.todoeldia.com\/index.php\/wp-json\/wp\/v2\/types\/post"}],"author":[{"embeddable":true,"href":"https:\/\/www.todoeldia.com\/index.php\/wp-json\/wp\/v2\/users\/2"}],"replies":[{"embeddable":true,"href":"https:\/\/www.todoeldia.com\/index.php\/wp-json\/wp\/v2\/comments?post=51265"}],"version-history":[{"count":1,"href":"https:\/\/www.todoeldia.com\/index.php\/wp-json\/wp\/v2\/posts\/51265\/revisions"}],"predecessor-version":[{"id":51272,"href":"https:\/\/www.todoeldia.com\/index.php\/wp-json\/wp\/v2\/posts\/51265\/revisions\/51272"}],"wp:featuredmedia":[{"embeddable":true,"href":"https:\/\/www.todoeldia.com\/index.php\/wp-json\/wp\/v2\/media\/51266"}],"wp:attachment":[{"href":"https:\/\/www.todoeldia.com\/index.php\/wp-json\/wp\/v2\/media?parent=51265"}],"wp:term":[{"taxonomy":"category","embeddable":true,"href":"https:\/\/www.todoeldia.com\/index.php\/wp-json\/wp\/v2\/categories?post=51265"},{"taxonomy":"post_tag","embeddable":true,"href":"https:\/\/www.todoeldia.com\/index.php\/wp-json\/wp\/v2\/tags?post=51265"}],"curies":[{"name":"wp","href":"https:\/\/api.w.org\/{rel}","templated":true}]}}