{"id":51273,"date":"2023-01-12T09:42:10","date_gmt":"2023-01-12T12:42:10","guid":{"rendered":"https:\/\/www.todoeldia.com\/?p=51273"},"modified":"2023-01-12T09:42:12","modified_gmt":"2023-01-12T12:42:12","slug":"violento-robo-a-una-mujer-policia-en-la-zona-del-mercado-de-abasto-en-oran","status":"publish","type":"post","link":"https:\/\/www.todoeldia.com\/index.php\/2023\/01\/12\/violento-robo-a-una-mujer-policia-en-la-zona-del-mercado-de-abasto-en-oran\/","title":{"rendered":"Violento robo a una mujer polic\u00eda en la zona del mercado de abasto en Or\u00e1n"},"content":{"rendered":"\n<p>Una mujer polic\u00eda fue brutalmente asaltada anoche en calle Los Andes de la ciudad de Or\u00e1n, detr\u00e1s del Mercado de Abasto.<\/p>\n\n\n\n<p>Seg\u00fan se inform\u00f3 a NORTE YA, el hecho ocurri\u00f3 a las 21.30 horas cuando la sargento ayudante circulaba de civil por la zona y fue abordada por dos hombres que portando armas blancas le arrebataron la cartera y la arrastraron por varios metros ante la resistencia de la v\u00edctima. Le sustrajeron un tel\u00e9fono celular, documentaci\u00f3n a su nombre y unos $ 80.000 en efectivo.<\/p>\n\n\n\n<p>La misma fue trasladada al hospital local donde le diagnosticaron fractura de f\u00e9mur derecho.<\/p>\n","protected":false},"excerpt":{"rendered":"<p>Una mujer polic\u00eda fue brutalmente asaltada anoche en calle Los Andes de la ciudad de Or\u00e1n, detr\u00e1s del Mercado de Abasto. Seg\u00fan se inform\u00f3 a NORTE YA, el hecho ocurri\u00f3 a las 21.30 horas cuando la sargento ayudante circulaba de civil por la zona y fue abordada por dos hombres que portando armas blancas le [&hellip;]<\/p>\n","protected":false},"author":2,"featured_media":51274,"comment_status":"open","ping_status":"open","sticky":false,"template":"","format":"standard","meta":{"tdm_status":"","tdm_grid_status":"","_joinchat":[],"footnotes":""},"categories":[63],"tags":[],"class_list":{"0":"post-51273","1":"post","2":"type-post","3":"status-publish","4":"format-standard","5":"has-post-thumbnail","7":"category-policiales"},"amp_enabled":true,"_links":{"self":[{"href":"https:\/\/www.todoeldia.com\/index.php\/wp-json\/wp\/v2\/posts\/51273","targetHints":{"allow":["GET"]}}],"collection":[{"href":"https:\/\/www.todoeldia.com\/index.php\/wp-json\/wp\/v2\/posts"}],"about":[{"href":"https:\/\/www.todoeldia.com\/index.php\/wp-json\/wp\/v2\/types\/post"}],"author":[{"embeddable":true,"href":"https:\/\/www.todoeldia.com\/index.php\/wp-json\/wp\/v2\/users\/2"}],"replies":[{"embeddable":true,"href":"https:\/\/www.todoeldia.com\/index.php\/wp-json\/wp\/v2\/comments?post=51273"}],"version-history":[{"count":1,"href":"https:\/\/www.todoeldia.com\/index.php\/wp-json\/wp\/v2\/posts\/51273\/revisions"}],"predecessor-version":[{"id":51275,"href":"https:\/\/www.todoeldia.com\/index.php\/wp-json\/wp\/v2\/posts\/51273\/revisions\/51275"}],"wp:featuredmedia":[{"embeddable":true,"href":"https:\/\/www.todoeldia.com\/index.php\/wp-json\/wp\/v2\/media\/51274"}],"wp:attachment":[{"href":"https:\/\/www.todoeldia.com\/index.php\/wp-json\/wp\/v2\/media?parent=51273"}],"wp:term":[{"taxonomy":"category","embeddable":true,"href":"https:\/\/www.todoeldia.com\/index.php\/wp-json\/wp\/v2\/categories?post=51273"},{"taxonomy":"post_tag","embeddable":true,"href":"https:\/\/www.todoeldia.com\/index.php\/wp-json\/wp\/v2\/tags?post=51273"}],"curies":[{"name":"wp","href":"https:\/\/api.w.org\/{rel}","templated":true}]}}