{"id":51276,"date":"2023-01-12T09:52:21","date_gmt":"2023-01-12T12:52:21","guid":{"rendered":"https:\/\/www.todoeldia.com\/?p=51276"},"modified":"2023-01-12T09:52:23","modified_gmt":"2023-01-12T12:52:23","slug":"tres-hombres-y-una-mujer-a-juicio-por-el-robo-a-la-joyeria-de-la-galeria-continental","status":"publish","type":"post","link":"https:\/\/www.todoeldia.com\/index.php\/2023\/01\/12\/tres-hombres-y-una-mujer-a-juicio-por-el-robo-a-la-joyeria-de-la-galeria-continental\/","title":{"rendered":"Tres hombres y una mujer a juicio por el robo a la joyer\u00eda de la Galer\u00eda Continental"},"content":{"rendered":"\n<p>Tres hombres y una mujer se encuentran requeridos a juicio por el robo de una joyer\u00eda ubicada en la zona centro de la ciudad de Salta, ocurrido en enero de 2022. En el marco de la investigaci\u00f3n desplegada, se logr\u00f3 el secuestro de veh\u00edculos, celulares, algunas joyas y otros elementos de inter\u00e9s para la causa.<\/p>\n\n\n\n<figure class=\"wp-block-image size-full\"><img loading=\"lazy\" decoding=\"async\" width=\"1024\" height=\"576\" src=\"https:\/\/www.todoeldia.com\/wp-content\/uploads\/2023\/01\/image-57.png\" alt=\"\" class=\"wp-image-51278\" srcset=\"https:\/\/www.todoeldia.com\/wp-content\/uploads\/2023\/01\/image-57.png 1024w, https:\/\/www.todoeldia.com\/wp-content\/uploads\/2023\/01\/image-57-300x169.png 300w, https:\/\/www.todoeldia.com\/wp-content\/uploads\/2023\/01\/image-57-768x432.png 768w, https:\/\/www.todoeldia.com\/wp-content\/uploads\/2023\/01\/image-57-696x392.png 696w, https:\/\/www.todoeldia.com\/wp-content\/uploads\/2023\/01\/image-57-747x420.png 747w\" sizes=\"auto, (max-width: 1024px) 100vw, 1024px\" \/><\/figure>\n\n\n\n<p>La fiscal penal de la Unidad de Robos y Hurtos, Mar\u00eda Eugenia Guzm\u00e1n, requiri\u00f3 oportunamente juicio ante el Juzgado de Garant\u00edas 1 del distrito Centro, para Roque Javier Uncos, Gaston Miguel Ledesma, Gonzalo Josu\u00e9 Aizama y Mar\u00eda del Carmen Nogales como coautores del delito de robo calificado por ser cometido en poblado y en banda.<\/p>\n\n\n\n<figure class=\"wp-block-image size-full\"><img loading=\"lazy\" decoding=\"async\" width=\"911\" height=\"683\" src=\"https:\/\/www.todoeldia.com\/wp-content\/uploads\/2023\/01\/image-58.png\" alt=\"\" class=\"wp-image-51279\" srcset=\"https:\/\/www.todoeldia.com\/wp-content\/uploads\/2023\/01\/image-58.png 911w, https:\/\/www.todoeldia.com\/wp-content\/uploads\/2023\/01\/image-58-300x225.png 300w, https:\/\/www.todoeldia.com\/wp-content\/uploads\/2023\/01\/image-58-768x576.png 768w, https:\/\/www.todoeldia.com\/wp-content\/uploads\/2023\/01\/image-58-696x522.png 696w, https:\/\/www.todoeldia.com\/wp-content\/uploads\/2023\/01\/image-58-560x420.png 560w, https:\/\/www.todoeldia.com\/wp-content\/uploads\/2023\/01\/image-58-80x60.png 80w, https:\/\/www.todoeldia.com\/wp-content\/uploads\/2023\/01\/image-58-265x198.png 265w\" sizes=\"auto, (max-width: 911px) 100vw, 911px\" \/><\/figure>\n\n\n\n<p>El hecho investigado ocurri\u00f3 el 8 de enero de 2022, cuando personas desconocidas ingresaron violentamente a la Galer\u00eda Continental de la zona centro de la ciudad para sustraer desde una joyer\u00eda que all\u00ed funcionaba, diversos bienes de valor, entre los que se cuenta mercader\u00eda valuada en varios millones de pesos.<\/p>\n\n\n\n<figure class=\"wp-block-image size-full is-resized\"><img loading=\"lazy\" decoding=\"async\" src=\"https:\/\/www.todoeldia.com\/wp-content\/uploads\/2023\/01\/image-59.png\" alt=\"\" class=\"wp-image-51280\" width=\"910\" height=\"917\"\/><\/figure>\n\n\n\n<p>Tras las investigaciones, se logr\u00f3 la detenci\u00f3n de los cuatro sospechosos de haber participado del il\u00edcito, a partir del an\u00e1lisis de comunicaciones y dispositivos electr\u00f3nicos de los investigados.<\/p>\n\n\n\n<figure class=\"wp-block-image size-full\"><img loading=\"lazy\" decoding=\"async\" width=\"965\" height=\"585\" src=\"https:\/\/www.todoeldia.com\/wp-content\/uploads\/2023\/01\/image-60.png\" alt=\"\" class=\"wp-image-51281\" srcset=\"https:\/\/www.todoeldia.com\/wp-content\/uploads\/2023\/01\/image-60.png 965w, https:\/\/www.todoeldia.com\/wp-content\/uploads\/2023\/01\/image-60-300x182.png 300w, https:\/\/www.todoeldia.com\/wp-content\/uploads\/2023\/01\/image-60-768x466.png 768w, https:\/\/www.todoeldia.com\/wp-content\/uploads\/2023\/01\/image-60-696x422.png 696w, https:\/\/www.todoeldia.com\/wp-content\/uploads\/2023\/01\/image-60-693x420.png 693w\" sizes=\"auto, (max-width: 965px) 100vw, 965px\" \/><\/figure>\n\n\n\n<p>Cabe recordar que, tras los allanamientos, se logr\u00f3 su detenci\u00f3n e imputaci\u00f3n y el secuestro de numerosos elementos de inter\u00e9s para la causa, entre los que se cuenta joyas reconocidas por la v\u00edctima, dinero en efectivo, veh\u00edculos, motocicletas y bicicletas, entre otros.<\/p>\n\n\n\n<p>En el requerimiento, la Fiscal sostiene que los acusados, luego de realizar inteligencia previa, con una labor en conjunto, en donde cada integrante ten\u00eda un rol con un \u00fanico fin de cometer el il\u00edcito denunciado, lograron dicho fin y previo violentar la persiana de acceso a la galer\u00eda comercial, y luego la puerta del local, se apoderaron ileg\u00edtimamente de los bienes (joyas) detallados en la denuncia con un valor estimado en varios millones y se dieron a la fuga en un veh\u00edculo.<\/p>\n\n\n\n<p>Por su parte, la denunciante, representada por un abogado particular, se constituy\u00f3 en actor civil y querellante en la presente causa, habiendo embargado los numerosos bienes secuestrados en autos.<\/p>\n","protected":false},"excerpt":{"rendered":"<p>Tres hombres y una mujer se encuentran requeridos a juicio por el robo de una joyer\u00eda ubicada en la zona centro de la ciudad de Salta, ocurrido en enero de 2022. En el marco de la investigaci\u00f3n desplegada, se logr\u00f3 el secuestro de veh\u00edculos, celulares, algunas joyas y otros elementos de inter\u00e9s para la causa. [&hellip;]<\/p>\n","protected":false},"author":2,"featured_media":51277,"comment_status":"open","ping_status":"open","sticky":false,"template":"","format":"standard","meta":{"tdm_status":"","tdm_grid_status":"","_joinchat":[],"footnotes":""},"categories":[63],"tags":[],"class_list":{"0":"post-51276","1":"post","2":"type-post","3":"status-publish","4":"format-standard","5":"has-post-thumbnail","7":"category-policiales"},"amp_enabled":true,"_links":{"self":[{"href":"https:\/\/www.todoeldia.com\/index.php\/wp-json\/wp\/v2\/posts\/51276","targetHints":{"allow":["GET"]}}],"collection":[{"href":"https:\/\/www.todoeldia.com\/index.php\/wp-json\/wp\/v2\/posts"}],"about":[{"href":"https:\/\/www.todoeldia.com\/index.php\/wp-json\/wp\/v2\/types\/post"}],"author":[{"embeddable":true,"href":"https:\/\/www.todoeldia.com\/index.php\/wp-json\/wp\/v2\/users\/2"}],"replies":[{"embeddable":true,"href":"https:\/\/www.todoeldia.com\/index.php\/wp-json\/wp\/v2\/comments?post=51276"}],"version-history":[{"count":1,"href":"https:\/\/www.todoeldia.com\/index.php\/wp-json\/wp\/v2\/posts\/51276\/revisions"}],"predecessor-version":[{"id":51282,"href":"https:\/\/www.todoeldia.com\/index.php\/wp-json\/wp\/v2\/posts\/51276\/revisions\/51282"}],"wp:featuredmedia":[{"embeddable":true,"href":"https:\/\/www.todoeldia.com\/index.php\/wp-json\/wp\/v2\/media\/51277"}],"wp:attachment":[{"href":"https:\/\/www.todoeldia.com\/index.php\/wp-json\/wp\/v2\/media?parent=51276"}],"wp:term":[{"taxonomy":"category","embeddable":true,"href":"https:\/\/www.todoeldia.com\/index.php\/wp-json\/wp\/v2\/categories?post=51276"},{"taxonomy":"post_tag","embeddable":true,"href":"https:\/\/www.todoeldia.com\/index.php\/wp-json\/wp\/v2\/tags?post=51276"}],"curies":[{"name":"wp","href":"https:\/\/api.w.org\/{rel}","templated":true}]}}