{"id":51283,"date":"2023-01-12T09:55:34","date_gmt":"2023-01-12T12:55:34","guid":{"rendered":"https:\/\/www.todoeldia.com\/?p=51283"},"modified":"2023-01-12T09:55:36","modified_gmt":"2023-01-12T12:55:36","slug":"viejo-degenerado-de-84-anos-preso-por-abusar-de-una-nena-de-7","status":"publish","type":"post","link":"https:\/\/www.todoeldia.com\/index.php\/2023\/01\/12\/viejo-degenerado-de-84-anos-preso-por-abusar-de-una-nena-de-7\/","title":{"rendered":"Viejo degenerado de 84 a\u00f1os preso por abusar de una nena de 7"},"content":{"rendered":"\n<p>La madre de una menor de 7 a\u00f1os denunci\u00f3 que, durante un viaje a Cachi, un sujeto someti\u00f3 a tocamientos a su hija mientras jugaba en la calle.<\/p>\n\n\n\n<p>Un hombre de 84 a\u00f1os fue condenado por el Juzgado de Garant\u00edas 6 a la pena de un a\u00f1o de prisi\u00f3n de cumplimiento efectivo por considerarlo autor de los delitos de abuso sexual simple y amenazas con arma.<\/p>\n\n\n\n<p>El fiscal Penal Rodrigo Gonz\u00e1lez Miralpeix, a cargo de la UDIS 3 en feria, represent\u00f3 al Ministerio P\u00fablico Fiscal durante el juicio.<\/p>\n\n\n\n<p>La Unidad de Delitos Contra la Integridad Sexual 3 tom\u00f3 intervenci\u00f3n en el caso luego de que la madre de una ni\u00f1a de 7 a\u00f1os denunciara que el 24 de diciembre de 2021 viajaron a Cachi para celebrar la Navidad. All\u00ed, la ni\u00f1a sali\u00f3 a jugar con sus primos y el sentenciado se le acerc\u00f3 y la toc\u00f3 en sus partes \u00edntimas. La menor de edad huy\u00f3 del lugar y cont\u00f3 lo sucedido.<\/p>\n\n\n\n<p>La familia busc\u00f3 al hombre y, al encontrarlo, \u00e9ste los amenaz\u00f3 con un cuchillo tipo sierrita. Al llegar la polic\u00eda, lo detuvo y lo traslad\u00f3 hasta la Comisar\u00eda, en donde qued\u00f3 detenido.<\/p>\n","protected":false},"excerpt":{"rendered":"<p>La madre de una menor de 7 a\u00f1os denunci\u00f3 que, durante un viaje a Cachi, un sujeto someti\u00f3 a tocamientos a su hija mientras jugaba en la calle. Un hombre de 84 a\u00f1os fue condenado por el Juzgado de Garant\u00edas 6 a la pena de un a\u00f1o de prisi\u00f3n de cumplimiento efectivo por considerarlo autor [&hellip;]<\/p>\n","protected":false},"author":2,"featured_media":32355,"comment_status":"open","ping_status":"open","sticky":false,"template":"","format":"standard","meta":{"tdm_status":"","tdm_grid_status":"","_joinchat":[],"footnotes":""},"categories":[63],"tags":[],"class_list":{"0":"post-51283","1":"post","2":"type-post","3":"status-publish","4":"format-standard","5":"has-post-thumbnail","7":"category-policiales"},"amp_enabled":true,"_links":{"self":[{"href":"https:\/\/www.todoeldia.com\/index.php\/wp-json\/wp\/v2\/posts\/51283","targetHints":{"allow":["GET"]}}],"collection":[{"href":"https:\/\/www.todoeldia.com\/index.php\/wp-json\/wp\/v2\/posts"}],"about":[{"href":"https:\/\/www.todoeldia.com\/index.php\/wp-json\/wp\/v2\/types\/post"}],"author":[{"embeddable":true,"href":"https:\/\/www.todoeldia.com\/index.php\/wp-json\/wp\/v2\/users\/2"}],"replies":[{"embeddable":true,"href":"https:\/\/www.todoeldia.com\/index.php\/wp-json\/wp\/v2\/comments?post=51283"}],"version-history":[{"count":1,"href":"https:\/\/www.todoeldia.com\/index.php\/wp-json\/wp\/v2\/posts\/51283\/revisions"}],"predecessor-version":[{"id":51284,"href":"https:\/\/www.todoeldia.com\/index.php\/wp-json\/wp\/v2\/posts\/51283\/revisions\/51284"}],"wp:featuredmedia":[{"embeddable":true,"href":"https:\/\/www.todoeldia.com\/index.php\/wp-json\/wp\/v2\/media\/32355"}],"wp:attachment":[{"href":"https:\/\/www.todoeldia.com\/index.php\/wp-json\/wp\/v2\/media?parent=51283"}],"wp:term":[{"taxonomy":"category","embeddable":true,"href":"https:\/\/www.todoeldia.com\/index.php\/wp-json\/wp\/v2\/categories?post=51283"},{"taxonomy":"post_tag","embeddable":true,"href":"https:\/\/www.todoeldia.com\/index.php\/wp-json\/wp\/v2\/tags?post=51283"}],"curies":[{"name":"wp","href":"https:\/\/api.w.org\/{rel}","templated":true}]}}