{"id":51299,"date":"2023-01-12T10:57:32","date_gmt":"2023-01-12T13:57:32","guid":{"rendered":"https:\/\/www.todoeldia.com\/?p=51299"},"modified":"2023-01-12T10:57:34","modified_gmt":"2023-01-12T13:57:34","slug":"un-muerto-y-un-herido-al-chocar-un-tren-con-una-camioneta-en-el-tunal","status":"publish","type":"post","link":"https:\/\/www.todoeldia.com\/index.php\/2023\/01\/12\/un-muerto-y-un-herido-al-chocar-un-tren-con-una-camioneta-en-el-tunal\/","title":{"rendered":"Un muerto y un herido al chocar un tren con una camioneta en El Tunal"},"content":{"rendered":"\n<p>Un hombre muri\u00f3 esta noche en el accidente ocurrido en El Tunal tras chocar el tren con una camioneta. Otra persona se encuentra con fracturas m\u00faltiples y fue asistido en el hospital de El Galp\u00f3n.<\/p>\n\n\n\n<p>Los primeros datos dan cuenta del fallecimiento de una persona con domicilio en nuestra ciudad mientras que se reporta un herido con fracturas m\u00faltiples.<\/p>\n\n\n\n<p>El hecho tuvo lugar minutos antes de las 23 en el cruce de las v\u00edas del ferrocarril y ruta nacional 16 cuando, por causas que se tratan de establecer.<\/p>\n\n\n\n<p>La v\u00edctima fue identificada como Manuel Ignacio Campos de 32 a\u00f1os mientras que el acompa\u00f1ante, Alejandro Bubenas de 39 a\u00f1os sufri\u00f3 politraumatismos y fue derivado al hospital Del Carmen.<\/p>\n\n\n\n<p>El Vocero de Metan<\/p>\n","protected":false},"excerpt":{"rendered":"<p>Un hombre muri\u00f3 esta noche en el accidente ocurrido en El Tunal tras chocar el tren con una camioneta. Otra persona se encuentra con fracturas m\u00faltiples y fue asistido en el hospital de El Galp\u00f3n. Los primeros datos dan cuenta del fallecimiento de una persona con domicilio en nuestra ciudad mientras que se reporta un [&hellip;]<\/p>\n","protected":false},"author":2,"featured_media":51300,"comment_status":"open","ping_status":"open","sticky":false,"template":"","format":"standard","meta":{"tdm_status":"","tdm_grid_status":"","_joinchat":[],"footnotes":""},"categories":[63],"tags":[],"class_list":{"0":"post-51299","1":"post","2":"type-post","3":"status-publish","4":"format-standard","5":"has-post-thumbnail","7":"category-policiales"},"amp_enabled":true,"_links":{"self":[{"href":"https:\/\/www.todoeldia.com\/index.php\/wp-json\/wp\/v2\/posts\/51299","targetHints":{"allow":["GET"]}}],"collection":[{"href":"https:\/\/www.todoeldia.com\/index.php\/wp-json\/wp\/v2\/posts"}],"about":[{"href":"https:\/\/www.todoeldia.com\/index.php\/wp-json\/wp\/v2\/types\/post"}],"author":[{"embeddable":true,"href":"https:\/\/www.todoeldia.com\/index.php\/wp-json\/wp\/v2\/users\/2"}],"replies":[{"embeddable":true,"href":"https:\/\/www.todoeldia.com\/index.php\/wp-json\/wp\/v2\/comments?post=51299"}],"version-history":[{"count":1,"href":"https:\/\/www.todoeldia.com\/index.php\/wp-json\/wp\/v2\/posts\/51299\/revisions"}],"predecessor-version":[{"id":51301,"href":"https:\/\/www.todoeldia.com\/index.php\/wp-json\/wp\/v2\/posts\/51299\/revisions\/51301"}],"wp:featuredmedia":[{"embeddable":true,"href":"https:\/\/www.todoeldia.com\/index.php\/wp-json\/wp\/v2\/media\/51300"}],"wp:attachment":[{"href":"https:\/\/www.todoeldia.com\/index.php\/wp-json\/wp\/v2\/media?parent=51299"}],"wp:term":[{"taxonomy":"category","embeddable":true,"href":"https:\/\/www.todoeldia.com\/index.php\/wp-json\/wp\/v2\/categories?post=51299"},{"taxonomy":"post_tag","embeddable":true,"href":"https:\/\/www.todoeldia.com\/index.php\/wp-json\/wp\/v2\/tags?post=51299"}],"curies":[{"name":"wp","href":"https:\/\/api.w.org\/{rel}","templated":true}]}}