{"id":5131,"date":"2020-09-08T19:28:07","date_gmt":"2020-09-08T22:28:07","guid":{"rendered":"https:\/\/www.todoeldia.com\/?p=5131"},"modified":"2020-09-08T19:28:08","modified_gmt":"2020-09-08T22:28:08","slug":"el-15-habra-procesion-alrededor-de-la-plaza-9-de-julio-sin-fieles-y-transmitida-por-redes-sociales-y-tv","status":"publish","type":"post","link":"https:\/\/www.todoeldia.com\/index.php\/2020\/09\/08\/el-15-habra-procesion-alrededor-de-la-plaza-9-de-julio-sin-fieles-y-transmitida-por-redes-sociales-y-tv\/","title":{"rendered":"El 15 habra procesi\u00f3n alrededor de la Plaza 9 de Julio sin fieles y transmitida por redes sociales y TV"},"content":{"rendered":"\n<p>Al final tal como se hab\u00eda anunciado hace algunos d\u00edas las im\u00e1genes del Se\u00f1or y la Virgen del Milagro y de la Virgen de las Lagrimas saldr\u00e1n a a la calle y har\u00e1n una peque\u00f1a procesi\u00f3n en los alrededores de la plaza 9 de Julio sin la presencia de fieles.<\/p>\n\n\n\n<p>En un comunicado dado a conocer hoy por el Arzobispo Monse\u00f1or Mario Cargnello &nbsp;inform\u00f3 que esa ceremonia se hara a las 17 y ser\u00e1 transmitida por las redes sociales y canales de televisi\u00f3n. Indic\u00f3 que los \u00fanicos presentes ser\u00e1n el Se\u00f1or Gobernador de la Provincia, la Sra. Intendente de la Ciudad, el Se\u00f1or Vicegobernador, el Se\u00f1or Presidente de la C\u00e1mara de Diputados y el Se\u00f1or Presidente de la Corte de Justicia, todos acompa\u00f1ados por sus c\u00f3nyuges.<\/p>\n\n\n\n<p>Estar\u00e1n tambi\u00e9n un grupo de sacerdotes, religiosos y algunos laicos. Las im\u00e1genes ser\u00e1n trasladadas alrededor de la Plaza 9 de Julio por miembros de la Hermandad del Se\u00f1or del Milagro.<\/p>\n\n\n\n<p>Al finalizar el rezo del Santo Rosario celebraremos el Pacto de Fidelidad y, luego de entonar el Himno Nacional Argentino, ser\u00e1n llevadas nuevamente al interior de la Catedral.<\/p>\n\n\n\n<p>Cargnello se\u00f1al\u00f3 que \u201cno es nada f\u00e1cil informar sobre las decisiones tomadas en esta fiesta del Milagro de 2020 y no sospech\u00e9 que \u00edbamos a estar en el punto alto de los contagios del coronavirus y enfrent\u00e1ndonos a una situaci\u00f3n de colapso como la que vivimos\u201d.<\/p>\n\n\n\n<p>Se\u00f1alo que la realidad nos enfrenta con un aumento muy grande de contagios y pone en evidencia nuestras limitaciones.<\/p>\n\n\n\n<p>La situaci\u00f3n epidemiol\u00f3gica, que seguimos contando por n\u00fameros, tiene ahora rostros de personas cercanas, de familiares, de amigos, de colaboradores y compa\u00f1eros de trabajo, de apostolado.<\/p>\n\n\n\n<p>Ante la sitruacion que afrontamos el arzobispado resolvio:<\/p>\n\n\n\n<p>1.- Los templos de nuestra ciudad de Salta permanecer\u00e1n cerrados a partir de las 0,00 horas del mi\u00e9rcoles 9 de setiembre hasta las 24,00 hs del 15 de este mes.<\/p>\n\n\n\n<p>2.- invito a los Se\u00f1ores Presb\u00edteros a transmitir por v\u00eda streaming, seg\u00fan sus posibilidades, la Celebraci\u00f3n de la Eucarist\u00eda desde sus parroquias. Me permito invitarlos a todos a renovar, en &#8221; esta emergencia, nuestra fe en el valor de la Celebraci\u00f3n Eucar\u00edstica celebrada sin concurrencia de fieles &#8220;porque toda Misa, aunque sea celebrada privadamente por un sacerdote, no es acci\u00f3n privada, sino acci\u00f3n de Cristo y de la Iglesia, la cual en el sacrificio que ofrece, aprende a ofrecerse a s\u00ed misma como sacrificio universal, y aplica a la salvaci\u00f3n del mundo entero la \u00fanica e infinita virtud redentora del sacrificio de la Cruz&#8221; . &nbsp;Nuestros fieles lo saben y por ello se unen por los medios virtuales o cl\u00e1sicos a las celebraciones que ustedes ofrecen.<\/p>\n\n\n\n<p>3.- &nbsp;La Catedral Bas\u00edlica transmitir\u00e1 por streaming, a trav\u00e9s de su p\u00e1gina de Facebook, la del Arzobispado, y la de la Universidad Cat\u00f3lica de Salta las Celebraciones de la Eucarist\u00eda y el Rezo de la Novena. Por la tarde, se unir\u00e1n adem\u00e1s canales de televisi\u00f3n abierta o por cable y radioemisoras<\/p>\n\n\n\n<p>4.- Tambi\u00e9n durante el triduo del 13, 14 y 15 de septiembre las Celebraciones Estacionales ser\u00e1n transmitidas del mismo modo como se hizo para la entronizaci\u00f3n de las im\u00e1genes el pasado 15 de agosto.<\/p>\n\n\n\n<p>5.- La Procesi\u00f3n de Penitencia ser\u00e1 sustituida por el Rezo del Santo Via Crucis, transmitido por streaming a hs 21,00 del 13 de septiembre desde la Iglesia de San Juan Bautista de la Merced.<\/p>\n\n\n\n<p>6.- Invito a todas las parroquias y templos de la ciudad de Salta a unirse a la Catedral el 15 de setiembre en el repique de las campanas a las 12,00 hs del mediod\u00eda.<\/p>\n","protected":false},"excerpt":{"rendered":"<p>Al final tal como se hab\u00eda anunciado hace algunos d\u00edas las im\u00e1genes del Se\u00f1or y la Virgen del Milagro y de la Virgen de las Lagrimas saldr\u00e1n a a la calle y har\u00e1n una peque\u00f1a procesi\u00f3n en los alrededores de la plaza 9 de Julio sin la presencia de fieles. En un comunicado dado a [&hellip;]<\/p>\n","protected":false},"author":2,"featured_media":5133,"comment_status":"open","ping_status":"open","sticky":false,"template":"","format":"standard","meta":{"tdm_status":"","tdm_grid_status":"","_joinchat":[],"footnotes":""},"categories":[69],"tags":[],"class_list":{"0":"post-5131","1":"post","2":"type-post","3":"status-publish","4":"format-standard","5":"has-post-thumbnail","7":"category-salta"},"amp_enabled":true,"_links":{"self":[{"href":"https:\/\/www.todoeldia.com\/index.php\/wp-json\/wp\/v2\/posts\/5131","targetHints":{"allow":["GET"]}}],"collection":[{"href":"https:\/\/www.todoeldia.com\/index.php\/wp-json\/wp\/v2\/posts"}],"about":[{"href":"https:\/\/www.todoeldia.com\/index.php\/wp-json\/wp\/v2\/types\/post"}],"author":[{"embeddable":true,"href":"https:\/\/www.todoeldia.com\/index.php\/wp-json\/wp\/v2\/users\/2"}],"replies":[{"embeddable":true,"href":"https:\/\/www.todoeldia.com\/index.php\/wp-json\/wp\/v2\/comments?post=5131"}],"version-history":[{"count":1,"href":"https:\/\/www.todoeldia.com\/index.php\/wp-json\/wp\/v2\/posts\/5131\/revisions"}],"predecessor-version":[{"id":5134,"href":"https:\/\/www.todoeldia.com\/index.php\/wp-json\/wp\/v2\/posts\/5131\/revisions\/5134"}],"wp:featuredmedia":[{"embeddable":true,"href":"https:\/\/www.todoeldia.com\/index.php\/wp-json\/wp\/v2\/media\/5133"}],"wp:attachment":[{"href":"https:\/\/www.todoeldia.com\/index.php\/wp-json\/wp\/v2\/media?parent=5131"}],"wp:term":[{"taxonomy":"category","embeddable":true,"href":"https:\/\/www.todoeldia.com\/index.php\/wp-json\/wp\/v2\/categories?post=5131"},{"taxonomy":"post_tag","embeddable":true,"href":"https:\/\/www.todoeldia.com\/index.php\/wp-json\/wp\/v2\/tags?post=5131"}],"curies":[{"name":"wp","href":"https:\/\/api.w.org\/{rel}","templated":true}]}}