{"id":51310,"date":"2023-01-12T11:37:04","date_gmt":"2023-01-12T14:37:04","guid":{"rendered":"https:\/\/www.todoeldia.com\/?p=51310"},"modified":"2023-01-12T11:37:07","modified_gmt":"2023-01-12T14:37:07","slug":"un-hombre-fue-encontrado-sin-vida-en-una-pileta-en-vaqueros","status":"publish","type":"post","link":"https:\/\/www.todoeldia.com\/index.php\/2023\/01\/12\/un-hombre-fue-encontrado-sin-vida-en-una-pileta-en-vaqueros\/","title":{"rendered":"Un hombre fue encontrado sin vida en una pileta en Vaqueros"},"content":{"rendered":"\n<p>Un hombre de 53 a\u00f1os fue encontrado sin vida en el interior de una pileta en la localidad de Vaqueros. Se realiz\u00f3 autopsia y se confirm\u00f3 que el deceso se produjo por muerte s\u00fabita.<\/p>\n\n\n\n<p>La fiscal penal 2 de la Unidad de Graves Atentados contra las Personas en feria, Ver\u00f3nica Simesen de Bielke, tom\u00f3 intervenci\u00f3n ante el hallazgo de un hombre sin vida en la localidad de Vaqueros.<\/p>\n\n\n\n<p>El pasado martes, un familiar del fallecido lo encontr\u00f3 sin vida en el interior de una pileta de nataci\u00f3n y tras las directivas impartidas por la Fiscal para el esclarecimiento del hecho, se realiz\u00f3 autopsia para confirmar la causa del deceso.<\/p>\n\n\n\n<p>El informe preliminar de autopsia realizado por el Servicio de Tanatolog\u00eda Forense del CIF da cuenta que falleci\u00f3 por muerte s\u00fabita. Igualmente se dispuso la realizaci\u00f3n de estudios complementarios.<\/p>\n\n\n\n<p>Cumplidos los tr\u00e1mites de rigor, el cuerpo fue entregado a los familiares para su inhumaci\u00f3n.<\/p>\n","protected":false},"excerpt":{"rendered":"<p>Un hombre de 53 a\u00f1os fue encontrado sin vida en el interior de una pileta en la localidad de Vaqueros. Se realiz\u00f3 autopsia y se confirm\u00f3 que el deceso se produjo por muerte s\u00fabita. La fiscal penal 2 de la Unidad de Graves Atentados contra las Personas en feria, Ver\u00f3nica Simesen de Bielke, tom\u00f3 intervenci\u00f3n [&hellip;]<\/p>\n","protected":false},"author":2,"featured_media":51311,"comment_status":"open","ping_status":"open","sticky":false,"template":"","format":"standard","meta":{"tdm_status":"","tdm_grid_status":"","_joinchat":[],"footnotes":""},"categories":[63],"tags":[],"class_list":{"0":"post-51310","1":"post","2":"type-post","3":"status-publish","4":"format-standard","5":"has-post-thumbnail","7":"category-policiales"},"amp_enabled":true,"_links":{"self":[{"href":"https:\/\/www.todoeldia.com\/index.php\/wp-json\/wp\/v2\/posts\/51310","targetHints":{"allow":["GET"]}}],"collection":[{"href":"https:\/\/www.todoeldia.com\/index.php\/wp-json\/wp\/v2\/posts"}],"about":[{"href":"https:\/\/www.todoeldia.com\/index.php\/wp-json\/wp\/v2\/types\/post"}],"author":[{"embeddable":true,"href":"https:\/\/www.todoeldia.com\/index.php\/wp-json\/wp\/v2\/users\/2"}],"replies":[{"embeddable":true,"href":"https:\/\/www.todoeldia.com\/index.php\/wp-json\/wp\/v2\/comments?post=51310"}],"version-history":[{"count":1,"href":"https:\/\/www.todoeldia.com\/index.php\/wp-json\/wp\/v2\/posts\/51310\/revisions"}],"predecessor-version":[{"id":51312,"href":"https:\/\/www.todoeldia.com\/index.php\/wp-json\/wp\/v2\/posts\/51310\/revisions\/51312"}],"wp:featuredmedia":[{"embeddable":true,"href":"https:\/\/www.todoeldia.com\/index.php\/wp-json\/wp\/v2\/media\/51311"}],"wp:attachment":[{"href":"https:\/\/www.todoeldia.com\/index.php\/wp-json\/wp\/v2\/media?parent=51310"}],"wp:term":[{"taxonomy":"category","embeddable":true,"href":"https:\/\/www.todoeldia.com\/index.php\/wp-json\/wp\/v2\/categories?post=51310"},{"taxonomy":"post_tag","embeddable":true,"href":"https:\/\/www.todoeldia.com\/index.php\/wp-json\/wp\/v2\/tags?post=51310"}],"curies":[{"name":"wp","href":"https:\/\/api.w.org\/{rel}","templated":true}]}}