{"id":51394,"date":"2023-01-13T20:01:06","date_gmt":"2023-01-13T23:01:06","guid":{"rendered":"https:\/\/www.todoeldia.com\/?p=51394"},"modified":"2023-01-13T20:01:09","modified_gmt":"2023-01-13T23:01:09","slug":"detenido-e-imputado-por-agredir-a-su-pareja-y-a-un-menor-de-dos-anos-en-embarcacion","status":"publish","type":"post","link":"https:\/\/www.todoeldia.com\/index.php\/2023\/01\/13\/detenido-e-imputado-por-agredir-a-su-pareja-y-a-un-menor-de-dos-anos-en-embarcacion\/","title":{"rendered":"Detenido e imputado por agredir a su pareja y a un menor de dos a\u00f1os en Embarcaci\u00f3n"},"content":{"rendered":"\n<p>Un hombre fue detenido e imputado por un hecho ocurrido d\u00edas atr\u00e1s en Embarcaci\u00f3n, donde tras una discusi\u00f3n, habr\u00eda lesionado a su pareja y al peque\u00f1o hijo de la mujer, profiri\u00e9ndole amenazas. En su declaraci\u00f3n, neg\u00f3 los hechos endilgados.<\/p>\n\n\n\n<p>La fiscal penal de Embarcaci\u00f3n en feria, Gabriela Souto, imput\u00f3 en forma provisional a un hombre de 35 a\u00f1os como autor de los delitos de lesiones doblemente agravadas por haber tenido una relaci\u00f3n de pareja y haber mediado violencia de g\u00e9nero en concurso real con amenazas.<\/p>\n\n\n\n<p>El hecho investigado ocurri\u00f3 d\u00edas atr\u00e1s en esa ciudad, cuando una mujer denunci\u00f3 que su pareja, tras una discusi\u00f3n, la someti\u00f3 a malos tratos f\u00edsicos a ella y a su hijo de dos a\u00f1os.<\/p>\n\n\n\n<p>Tras la denuncia, se constataron las lesiones tanto de la mujer como del ni\u00f1o y se produjo la detenci\u00f3n del acusado, quien prest\u00f3 declaraci\u00f3n durante la audiencia de imputaci\u00f3n, negando los hechos.<\/p>\n\n\n\n<p>Desde la Fiscal\u00eda se solicit\u00f3 al Juzgado de Garant\u00edas interviniente que se mantenga detenido.<\/p>\n","protected":false},"excerpt":{"rendered":"<p>Un hombre fue detenido e imputado por un hecho ocurrido d\u00edas atr\u00e1s en Embarcaci\u00f3n, donde tras una discusi\u00f3n, habr\u00eda lesionado a su pareja y al peque\u00f1o hijo de la mujer, profiri\u00e9ndole amenazas. En su declaraci\u00f3n, neg\u00f3 los hechos endilgados. La fiscal penal de Embarcaci\u00f3n en feria, Gabriela Souto, imput\u00f3 en forma provisional a un hombre [&hellip;]<\/p>\n","protected":false},"author":2,"featured_media":37716,"comment_status":"open","ping_status":"open","sticky":false,"template":"","format":"standard","meta":{"tdm_status":"","tdm_grid_status":"","_joinchat":[],"footnotes":""},"categories":[63],"tags":[],"class_list":{"0":"post-51394","1":"post","2":"type-post","3":"status-publish","4":"format-standard","5":"has-post-thumbnail","7":"category-policiales"},"amp_enabled":true,"_links":{"self":[{"href":"https:\/\/www.todoeldia.com\/index.php\/wp-json\/wp\/v2\/posts\/51394","targetHints":{"allow":["GET"]}}],"collection":[{"href":"https:\/\/www.todoeldia.com\/index.php\/wp-json\/wp\/v2\/posts"}],"about":[{"href":"https:\/\/www.todoeldia.com\/index.php\/wp-json\/wp\/v2\/types\/post"}],"author":[{"embeddable":true,"href":"https:\/\/www.todoeldia.com\/index.php\/wp-json\/wp\/v2\/users\/2"}],"replies":[{"embeddable":true,"href":"https:\/\/www.todoeldia.com\/index.php\/wp-json\/wp\/v2\/comments?post=51394"}],"version-history":[{"count":1,"href":"https:\/\/www.todoeldia.com\/index.php\/wp-json\/wp\/v2\/posts\/51394\/revisions"}],"predecessor-version":[{"id":51395,"href":"https:\/\/www.todoeldia.com\/index.php\/wp-json\/wp\/v2\/posts\/51394\/revisions\/51395"}],"wp:featuredmedia":[{"embeddable":true,"href":"https:\/\/www.todoeldia.com\/index.php\/wp-json\/wp\/v2\/media\/37716"}],"wp:attachment":[{"href":"https:\/\/www.todoeldia.com\/index.php\/wp-json\/wp\/v2\/media?parent=51394"}],"wp:term":[{"taxonomy":"category","embeddable":true,"href":"https:\/\/www.todoeldia.com\/index.php\/wp-json\/wp\/v2\/categories?post=51394"},{"taxonomy":"post_tag","embeddable":true,"href":"https:\/\/www.todoeldia.com\/index.php\/wp-json\/wp\/v2\/tags?post=51394"}],"curies":[{"name":"wp","href":"https:\/\/api.w.org\/{rel}","templated":true}]}}