{"id":51396,"date":"2023-01-14T11:01:13","date_gmt":"2023-01-14T14:01:13","guid":{"rendered":"https:\/\/www.todoeldia.com\/?p=51396"},"modified":"2023-01-14T11:01:15","modified_gmt":"2023-01-14T14:01:15","slug":"final-de-infarto-en-el-dakar-price-y-benavides-separados-por-12-segundos","status":"publish","type":"post","link":"https:\/\/www.todoeldia.com\/index.php\/2023\/01\/14\/final-de-infarto-en-el-dakar-price-y-benavides-separados-por-12-segundos\/","title":{"rendered":"Final de infarto en el Dakar: Price y Benavides separados por 12 segundos"},"content":{"rendered":"\n<p>Kevin Benavides se lleva el triunfo en la pen\u00faltima etapa&#8230; pero la general se queda apretad\u00edsima. Habr\u00e1 un final emocionant\u00edsimo.<\/p>\n\n\n\n<p>La categor\u00eda de motos nunca decepciona en el Dakar. Si en las \u00faltimas ediciones ya hemos vivido finales apretados, la resoluci\u00f3n del de 2023 no va a ser diferente. Ma\u00f1ana, en la jornada final, Kevin Benavides y Toby Price, ambos de KTM, se van a jugar el triunfo a todo o nada.<\/p>\n\n\n\n<p>Porque tras la disputa de la decimotercera etapa, entre Shaybah y Al-Hofuf, con 154 kil\u00f3metros de recorrido, s\u00f3lo doce segundos separan a los dos ganadores del Dakar (Benavides en 2021 y Price en 2016 y 2019).<\/p>\n\n\n\n<p>Benavides se lleva la etapa<\/p>\n\n\n\n<p>Kevin Benavides hab\u00eda jugado la baza de la estrategia para partir hoy detr\u00e1s de Howes y Price, sus dos grandes rivales por el triunfo final&#8230; y le sali\u00f3 bien. Aunque con suspense ya que el argentino tuvo que pararse al inicio de la especial (km 55) para asistir a Matthias Walkner, su compa\u00f1ero en KTM, que sufri\u00f3 una grave ca\u00edda que acab\u00f3 con el austriaco en el hospital con una posible fractura vertebral (aunque ingres\u00f3 consciente y con movilidad en brazos y piernas).<\/p>\n\n\n\n<p>La categor\u00eda de motos nunca decepciona en el Dakar. Si en las \u00faltimas ediciones ya hemos vivido finales apretados, la resoluci\u00f3n del de 2023 no va a ser diferente. Ma\u00f1ana, en la jornada final, Kevin Benavides y Toby Price, ambos de KTM, se van a jugar el triunfo a todo o nada.<\/p>\n\n\n\n<p>Porque tras la disputa de la decimotercera etapa, entre Shaybah y Al-Hofuf, con 154 kil\u00f3metros de recorrido, s\u00f3lo doce segundos separan a los dos ganadores del Dakar (Benavides en 2021 y Price en 2016 y 2019).<\/p>\n\n\n\n<p>Benavides se lleva la etapa<\/p>\n\n\n\n<p>Kevin Benavides hab\u00eda jugado la baza de la estrategia para partir hoy detr\u00e1s de Howes y Price, sus dos grandes rivales por el triunfo final&#8230; y le sali\u00f3 bien. Aunque con suspense ya que el argentino tuvo que pararse al inicio de la especial (km 55) para asistir a Matthias Walkner, su compa\u00f1ero en KTM, que sufri\u00f3 una grave ca\u00edda que acab\u00f3 con el austriaco en el hospital con una posible fractura vertebral (aunque ingres\u00f3 consciente y con movilidad en brazos y piernas).<\/p>\n\n\n\n<p>Kevin Benavides buscar\u00e1 ma\u00f1ana su segundo Dakar.<\/p>\n\n\n\n<p>Kevin Benavides buscar\u00e1 ma\u00f1ana su segundo Dakar.Rally Zone<\/p>\n\n\n\n<p>La ca\u00edda no achic\u00f3 al argentino, pese a que qued\u00f3 afectado por la escena: &#8220;Estaba muy mal, ten\u00eda mucho dolor en la espalda. Fue una situaci\u00f3n fea y de mucho nerviosismo. Quer\u00eda una pastilla para tomar r\u00e1pido por la m\u00e9dula porque pensaba que ten\u00eda algo en la espalda. Estaba muy asustado&#8221;, relataba impresionado en meta.<\/p>\n\n\n\n<p>Estaba muy mal, ten\u00eda mucho dolor en la espalda. Fue una situaci\u00f3n fea y de mucho nerviosismo.<\/p>\n\n\n\n<p>Kevin Benavides, piloto de KTM<\/p>\n\n\n\n<p>As\u00ed, la resoluci\u00f3n de la etapa lleg\u00f3, de nuevo, &#8216;en los despachos&#8217; de la FIM. El argentino cruz\u00f3 inicialmente la meta a 22:43 de Michael Docherty (Husqvarna), pero la organizaci\u00f3n anunci\u00f3 que se le devolver\u00edan 23:10, con lo que se anotaba el triunfo parcial, el primero del Dakar 2023 para \u00e9l.<\/p>\n\n\n\n<p>Ese tiempo, sin embargo, no le da para ponerse l\u00edder&#8230; por apenas 12 segundos. Lo que significa que ma\u00f1ana tendr\u00e1 que superar a Price en un duelo a todo o nada sobre los 136 kil\u00f3metros que llevar\u00e1n a los pilotos a la meta final de Dammam.<\/p>\n\n\n\n<p>Skyler Howes, a\u00fan con opciones<\/p>\n\n\n\n<p>El americano de Husqvarna a\u00fan no est\u00e1 descartado, aunque hoy se ha dejado uno valioso 1:03 con Price, lo que deja a Howes estar\u00eda a 1:31 del australiano en la general.<\/p>\n\n\n\n<p>Ahora los pilotos tendr\u00e1n que afrontar un largu\u00edsimo enlace de 511 km que no ser\u00e1 un tr\u00e1mite ya que deber\u00e1n cuidar no cometer ning\u00fan exceso de velocidad que pueda suponer una penalizaci\u00f3n&#8230; y modificar los resultados.<\/p>\n\n\n\n<p>De cara a ma\u00f1ana habr\u00e1 que tener en cuenta dos detalles importantes. El primero: que no se repartir\u00e1n bonificaciones. Y el segundo (la explicaci\u00f3n del primero) es que el orden de salida de la etapa final es en orden inverso a la clasificaci\u00f3n general. Es decir, que Benavides y Price ser\u00e1n los \u00faltimos en completar la etapa.<\/p>\n\n\n\n<p>Price ya lo ha vivido<\/p>\n\n\n\n<p>El australiano ya tiene experiencia en una situaci\u00f3n as\u00ed&#8230; y sali\u00f3 vencedor. Fue en el Dakar 2019 frente a Pablo Quintanilla (por entonces en Husqvarna). Claro que en aquella ocasi\u00f3n ten\u00eda m\u00e1s diferencia (1:04) y una etapa m\u00e1s corta (de 112 km)&#8230; aunque llegaba muy mermado de condiciones f\u00edsicas, reci\u00e9n recuperado de una fractura de mu\u00f1eca antes del Dakar.<\/p>\n\n\n\n<p>Clasificaci\u00f3n provisional de la etapa 13 del Dakar en motos<\/p>\n\n\n\n<p>1. Kevin Benavides (KTM) 2h 21:47<\/p>\n\n\n\n<p>2. Michael Docherty (Husqvarna), a 27 s.<\/p>\n\n\n\n<p>3. Luciano Benavides (Huqsvarna), a 57 s.<\/p>\n\n\n\n<p>4. Adrien Van Beveren (Honda), a 2:05<\/p>\n\n\n\n<p>5. Toby Price (KTM), a 2:28<\/p>\n\n\n\n<p>6. Romain Dumontier (Husqvarna), a 2:32<\/p>\n\n\n\n<p>7. Skyler Howes (Husqvarna), a 3:31<\/p>\n\n\n\n<p>8. Pablo Quintanilla (Honda), a 3:33<\/p>\n\n\n\n<p>9. Tosha Schareina (BAS World KTM), a 4:06<\/p>\n\n\n\n<p>10. Ross Branch (Hero), a 4:51<\/p>\n","protected":false},"excerpt":{"rendered":"<p>Kevin Benavides se lleva el triunfo en la pen\u00faltima etapa&#8230; pero la general se queda apretad\u00edsima. Habr\u00e1 un final emocionant\u00edsimo. La categor\u00eda de motos nunca decepciona en el Dakar. Si en las \u00faltimas ediciones ya hemos vivido finales apretados, la resoluci\u00f3n del de 2023 no va a ser diferente. Ma\u00f1ana, en la jornada final, Kevin [&hellip;]<\/p>\n","protected":false},"author":2,"featured_media":51397,"comment_status":"open","ping_status":"open","sticky":false,"template":"","format":"standard","meta":{"tdm_status":"","tdm_grid_status":"","_joinchat":[],"footnotes":""},"categories":[62],"tags":[],"class_list":{"0":"post-51396","1":"post","2":"type-post","3":"status-publish","4":"format-standard","5":"has-post-thumbnail","7":"category-deportes"},"amp_enabled":true,"_links":{"self":[{"href":"https:\/\/www.todoeldia.com\/index.php\/wp-json\/wp\/v2\/posts\/51396","targetHints":{"allow":["GET"]}}],"collection":[{"href":"https:\/\/www.todoeldia.com\/index.php\/wp-json\/wp\/v2\/posts"}],"about":[{"href":"https:\/\/www.todoeldia.com\/index.php\/wp-json\/wp\/v2\/types\/post"}],"author":[{"embeddable":true,"href":"https:\/\/www.todoeldia.com\/index.php\/wp-json\/wp\/v2\/users\/2"}],"replies":[{"embeddable":true,"href":"https:\/\/www.todoeldia.com\/index.php\/wp-json\/wp\/v2\/comments?post=51396"}],"version-history":[{"count":1,"href":"https:\/\/www.todoeldia.com\/index.php\/wp-json\/wp\/v2\/posts\/51396\/revisions"}],"predecessor-version":[{"id":51398,"href":"https:\/\/www.todoeldia.com\/index.php\/wp-json\/wp\/v2\/posts\/51396\/revisions\/51398"}],"wp:featuredmedia":[{"embeddable":true,"href":"https:\/\/www.todoeldia.com\/index.php\/wp-json\/wp\/v2\/media\/51397"}],"wp:attachment":[{"href":"https:\/\/www.todoeldia.com\/index.php\/wp-json\/wp\/v2\/media?parent=51396"}],"wp:term":[{"taxonomy":"category","embeddable":true,"href":"https:\/\/www.todoeldia.com\/index.php\/wp-json\/wp\/v2\/categories?post=51396"},{"taxonomy":"post_tag","embeddable":true,"href":"https:\/\/www.todoeldia.com\/index.php\/wp-json\/wp\/v2\/tags?post=51396"}],"curies":[{"name":"wp","href":"https:\/\/api.w.org\/{rel}","templated":true}]}}