{"id":51409,"date":"2023-01-15T11:11:51","date_gmt":"2023-01-15T14:11:51","guid":{"rendered":"https:\/\/www.todoeldia.com\/?p=51409"},"modified":"2023-01-15T11:19:18","modified_gmt":"2023-01-15T14:19:18","slug":"historico-triunfo-del-salteno-kevin-benavides-se-consagro-campeon-del-rally-dakar-en-motos-tras-una-definicion-increible","status":"publish","type":"post","link":"https:\/\/www.todoeldia.com\/index.php\/2023\/01\/15\/historico-triunfo-del-salteno-kevin-benavides-se-consagro-campeon-del-rally-dakar-en-motos-tras-una-definicion-increible\/","title":{"rendered":"Hist\u00f3rico triunfo del salte\u00f1o Kevin Benavides: se consagr\u00f3 campe\u00f3n del Rally Dakar en motos tras una definici\u00f3n incre\u00edble"},"content":{"rendered":"\n<p>El corredor de KTM estaba 12 segundos abajo en la general, pero triunf\u00f3 en la 14\u00aa etapa por delante de su compa\u00f1ero de equipo Toby Price en una definici\u00f3n palmo a palmo y qued\u00f3 en lo m\u00e1s alto por 43 segundos de distancia. Es su segunda corona en el Dakar.<\/p>\n\n\n\n<figure class=\"wp-block-image size-full is-resized\"><img loading=\"lazy\" decoding=\"async\" src=\"https:\/\/www.todoeldia.com\/wp-content\/uploads\/2023\/01\/image-80.png\" alt=\"\" class=\"wp-image-51411\" width=\"913\" height=\"609\" srcset=\"https:\/\/www.todoeldia.com\/wp-content\/uploads\/2023\/01\/image-80.png 768w, https:\/\/www.todoeldia.com\/wp-content\/uploads\/2023\/01\/image-80-300x200.png 300w, https:\/\/www.todoeldia.com\/wp-content\/uploads\/2023\/01\/image-80-696x464.png 696w, https:\/\/www.todoeldia.com\/wp-content\/uploads\/2023\/01\/image-80-630x420.png 630w\" sizes=\"auto, (max-width: 913px) 100vw, 913px\" \/><figcaption class=\"wp-element-caption\">El salte\u00f1o Kevin Benavides se consagr\u00f3 campe\u00f3n del Rally Dakar por segunda vez en su carrera<\/figcaption><\/figure>\n\n\n\n<p>El deporte argentino est\u00e1 otra vez celebrando una actuaci\u00f3n hist\u00f3rica gracias a lo hecho por el piloto Kevin Benavides: se consagr\u00f3 campe\u00f3n de la categor\u00eda de motos en el Rally Dakar que se desarroll\u00f3 en Arabia Saudita. El corredor de KTM lleg\u00f3 primero en la etapa definitoria por delante de los corredores australianos Daniel Sanders (2\u00b0) y Toby Price (3\u00b0), lo que le permiti\u00f3 descontar los 12 segundos de diferencia que ten\u00eda en la general con Price y alzar la corona por menos de un minuto de distancia.<\/p>\n\n\n\n<p>\u201cEs incre\u00edble lograr la victoria al final de este Dakar completamente loco, y con una brecha tan peque\u00f1a!\u201d, fueron sus primeras palabras tras quedar arriba en la 14\u00aa etapa y as\u00ed superar a su compa\u00f1ero de equipo en la tabla definitoria. La diferencia entre Benavides y Price, el segundo, fue de apenas 43 segundos.<\/p>\n\n\n\n<p>Kevin ya hab\u00eda dado el gran golpe en la divisional m\u00e1s exigente del Rally Dakar durante la edici\u00f3n del 2021. Por entonces estaba a bordo de una Honda y termin\u00f3 primero en la general, relegando al norteamericano Ricky Brabec al segundo lugar y al brit\u00e1nico Sam Sunderland al tercero.<\/p>\n\n\n\n<figure class=\"wp-block-image size-full is-resized\"><img loading=\"lazy\" decoding=\"async\" src=\"https:\/\/www.todoeldia.com\/wp-content\/uploads\/2023\/01\/image-81.png\" alt=\"\" class=\"wp-image-51412\" width=\"925\" height=\"621\"\/><figcaption class=\"wp-element-caption\">El saludo del norteamericano Skyler Howes (3\u00b0 en la general) para el campe\u00f3n Kevin Benavides\u00a0<\/figcaption><\/figure>\n\n\n\n<p>La lista de argentinos que alguna vez se adue\u00f1aron de la competencia motor m\u00e1s extrema del planeta suma una nueva perlita con esta segunda corona de Benavides. El \u00fanico latinoamericano en obtener la corona en motociclismo es parte de un selecto grupo que integran Marcos Patronelli (campe\u00f3n 2010, 2013 y 2016 de quads), Alejandro Patronelli (campe\u00f3n 2011 y 2012 de quads), Nicol\u00e1s Cavigliasso (campe\u00f3n 2019 de quads) y Manuel And\u00fajar (campe\u00f3n 2021 de quads).<\/p>\n\n\n\n<p>El piloto nacido en Salta, de 34 a\u00f1os, se qued\u00f3 con una victoria apasionante porque despu\u00e9s de correr durante m\u00e1s de 44 horas a lo largo de dos semanas, su diferencia con Price fue de apenas 43 segundos en el listado general. Su tiempo final fue de 44 horas, 27 minutos, 20 segundos. El australiano firm\u00f3 una planilla de 44:28:03; mientras que el norteamericano Skyler Howes acumul\u00f3 44:32:24 para subirse al tercer pelda\u00f1o del podio.<\/p>\n","protected":false},"excerpt":{"rendered":"<p>El corredor de KTM estaba 12 segundos abajo en la general, pero triunf\u00f3 en la 14\u00aa etapa por delante de su compa\u00f1ero de equipo Toby Price en una definici\u00f3n palmo a palmo y qued\u00f3 en lo m\u00e1s alto por 43 segundos de distancia. Es su segunda corona en el Dakar. El deporte argentino est\u00e1 otra [&hellip;]<\/p>\n","protected":false},"author":2,"featured_media":51410,"comment_status":"open","ping_status":"open","sticky":false,"template":"","format":"standard","meta":{"tdm_status":"","tdm_grid_status":"","_joinchat":[],"footnotes":""},"categories":[62],"tags":[],"class_list":{"0":"post-51409","1":"post","2":"type-post","3":"status-publish","4":"format-standard","5":"has-post-thumbnail","7":"category-deportes"},"amp_enabled":true,"_links":{"self":[{"href":"https:\/\/www.todoeldia.com\/index.php\/wp-json\/wp\/v2\/posts\/51409","targetHints":{"allow":["GET"]}}],"collection":[{"href":"https:\/\/www.todoeldia.com\/index.php\/wp-json\/wp\/v2\/posts"}],"about":[{"href":"https:\/\/www.todoeldia.com\/index.php\/wp-json\/wp\/v2\/types\/post"}],"author":[{"embeddable":true,"href":"https:\/\/www.todoeldia.com\/index.php\/wp-json\/wp\/v2\/users\/2"}],"replies":[{"embeddable":true,"href":"https:\/\/www.todoeldia.com\/index.php\/wp-json\/wp\/v2\/comments?post=51409"}],"version-history":[{"count":2,"href":"https:\/\/www.todoeldia.com\/index.php\/wp-json\/wp\/v2\/posts\/51409\/revisions"}],"predecessor-version":[{"id":51415,"href":"https:\/\/www.todoeldia.com\/index.php\/wp-json\/wp\/v2\/posts\/51409\/revisions\/51415"}],"wp:featuredmedia":[{"embeddable":true,"href":"https:\/\/www.todoeldia.com\/index.php\/wp-json\/wp\/v2\/media\/51410"}],"wp:attachment":[{"href":"https:\/\/www.todoeldia.com\/index.php\/wp-json\/wp\/v2\/media?parent=51409"}],"wp:term":[{"taxonomy":"category","embeddable":true,"href":"https:\/\/www.todoeldia.com\/index.php\/wp-json\/wp\/v2\/categories?post=51409"},{"taxonomy":"post_tag","embeddable":true,"href":"https:\/\/www.todoeldia.com\/index.php\/wp-json\/wp\/v2\/tags?post=51409"}],"curies":[{"name":"wp","href":"https:\/\/api.w.org\/{rel}","templated":true}]}}