{"id":5171,"date":"2020-09-08T21:27:10","date_gmt":"2020-09-09T00:27:10","guid":{"rendered":"https:\/\/www.todoeldia.com\/?p=5171"},"modified":"2020-09-08T21:27:11","modified_gmt":"2020-09-09T00:27:11","slug":"emotiva-despedida-en-san-pedro-de-jujuy-a-la-enfermera-que-fallecio-de-coronavirus","status":"publish","type":"post","link":"https:\/\/www.todoeldia.com\/index.php\/2020\/09\/08\/emotiva-despedida-en-san-pedro-de-jujuy-a-la-enfermera-que-fallecio-de-coronavirus\/","title":{"rendered":"Emotiva despedida en San Pedro de Jujuy a la enfermera que falleci\u00f3 de coronavirus"},"content":{"rendered":"\n<p>En la tarde de este martes se vivi\u00f3 un emotivo momento en cercan\u00edas del hospital Guillermo Paterson de San Pedro, debido a que personal sanitario y vecinos despidieron a la enfermera sampedre\u00f1a que en las \u00faltimas horas falleci\u00f3 a causa de coronavirus.<\/p>\n\n\n\n<p>Durante la ma\u00f1ana de hoy, el intendente Julio Bravo confirm\u00f3 la triste noticia de que\u00a0Irene Alancay, quien trabajaba en el hospital de cabecera de San Pedro de Jujuy, perdi\u00f3 la vida luego de contraer Covid-19. Por otra parte, el funcionario hab\u00eda detallado que estaba tramitando el sepelio de la trabajadora de la Salud en conjunto con su familia.<\/p>\n\n\n\n<figure class=\"wp-block-embed-youtube wp-block-embed is-type-video is-provider-youtube wp-embed-aspect-16-9 wp-has-aspect-ratio\"><div class=\"wp-block-embed__wrapper\">\n<iframe loading=\"lazy\" title=\"Emotiva despedida en San Pedro a la enfermera que falleci\u00f3 de coronavirus\" width=\"696\" height=\"392\" src=\"https:\/\/www.youtube.com\/embed\/UiQlwYVTGRk?feature=oembed&#038;enablejsapi=1\" frameborder=\"0\" allow=\"accelerometer; autoplay; clipboard-write; encrypted-media; gyroscope; picture-in-picture\" allowfullscreen><\/iframe>\n<\/div><\/figure>\n\n\n\n<p>En este contexto, en horas de la tarde se realiz\u00f3 un emocionante cortejo f\u00fanebre hasta el cementerio&nbsp; Cristo Rey para despedir los restos de Irene Alancay. Asimismo, sus compa\u00f1eros del nosocomio se apostaron afuera de las instalaciones para sumarse con mucha tristeza al \u00faltimo adi\u00f3s de la enfermera.<\/p>\n\n\n\n<p>Cabe destacar que actualmente San Pedro es una de las zonas rojas de la provincia debido al notable rebrote de casos que se presentan en todo el departamento. Adem\u00e1s, el intendente Bravo adelant\u00f3 a&nbsp;Canal 7&nbsp;que&nbsp;no hay camas libres en el hospital Guillermo Paterson motivo por el cual, analizan habilitar una escuela como hospital de campa\u00f1a.<\/p>\n","protected":false},"excerpt":{"rendered":"<p>En la tarde de este martes se vivi\u00f3 un emotivo momento en cercan\u00edas del hospital Guillermo Paterson de San Pedro, debido a que personal sanitario y vecinos despidieron a la enfermera sampedre\u00f1a que en las \u00faltimas horas falleci\u00f3 a causa de coronavirus. Durante la ma\u00f1ana de hoy, el intendente Julio Bravo confirm\u00f3 la triste noticia [&hellip;]<\/p>\n","protected":false},"author":2,"featured_media":5172,"comment_status":"open","ping_status":"open","sticky":false,"template":"","format":"standard","meta":{"tdm_status":"","tdm_grid_status":"","_joinchat":[],"footnotes":""},"categories":[65],"tags":[],"class_list":{"0":"post-5171","1":"post","2":"type-post","3":"status-publish","4":"format-standard","5":"has-post-thumbnail","7":"category-coronavirus"},"amp_enabled":true,"_links":{"self":[{"href":"https:\/\/www.todoeldia.com\/index.php\/wp-json\/wp\/v2\/posts\/5171","targetHints":{"allow":["GET"]}}],"collection":[{"href":"https:\/\/www.todoeldia.com\/index.php\/wp-json\/wp\/v2\/posts"}],"about":[{"href":"https:\/\/www.todoeldia.com\/index.php\/wp-json\/wp\/v2\/types\/post"}],"author":[{"embeddable":true,"href":"https:\/\/www.todoeldia.com\/index.php\/wp-json\/wp\/v2\/users\/2"}],"replies":[{"embeddable":true,"href":"https:\/\/www.todoeldia.com\/index.php\/wp-json\/wp\/v2\/comments?post=5171"}],"version-history":[{"count":1,"href":"https:\/\/www.todoeldia.com\/index.php\/wp-json\/wp\/v2\/posts\/5171\/revisions"}],"predecessor-version":[{"id":5173,"href":"https:\/\/www.todoeldia.com\/index.php\/wp-json\/wp\/v2\/posts\/5171\/revisions\/5173"}],"wp:featuredmedia":[{"embeddable":true,"href":"https:\/\/www.todoeldia.com\/index.php\/wp-json\/wp\/v2\/media\/5172"}],"wp:attachment":[{"href":"https:\/\/www.todoeldia.com\/index.php\/wp-json\/wp\/v2\/media?parent=5171"}],"wp:term":[{"taxonomy":"category","embeddable":true,"href":"https:\/\/www.todoeldia.com\/index.php\/wp-json\/wp\/v2\/categories?post=5171"},{"taxonomy":"post_tag","embeddable":true,"href":"https:\/\/www.todoeldia.com\/index.php\/wp-json\/wp\/v2\/tags?post=5171"}],"curies":[{"name":"wp","href":"https:\/\/api.w.org\/{rel}","templated":true}]}}