{"id":52083,"date":"2023-01-24T11:09:48","date_gmt":"2023-01-24T14:09:48","guid":{"rendered":"https:\/\/www.todoeldia.com\/?p=52083"},"modified":"2023-01-24T11:09:50","modified_gmt":"2023-01-24T14:09:50","slug":"padre-e-hijo-se-robaron-en-la-candelaria-25-kilos-de-cables-de-cobre-para-venderlos-en-tucuman","status":"publish","type":"post","link":"https:\/\/www.todoeldia.com\/index.php\/2023\/01\/24\/padre-e-hijo-se-robaron-en-la-candelaria-25-kilos-de-cables-de-cobre-para-venderlos-en-tucuman\/","title":{"rendered":"Padre e hijo se robaron en La Candelaria 25 kilos de cables de cobre para venderlos en Tucum\u00e1n"},"content":{"rendered":"\n<p>Tras la sospecha de haber sustra\u00eddo cables subterr\u00e1neos de una obra del IPV en La Candelaria para venderlo en Tucum\u00e1n, fueron detenidos sobre la ruta nacional 9. Llevaban 23 kilos de cobre en el ba\u00fal y forro pl\u00e1stico de cables, cuya procedencia no pudieron justificar.<\/p>\n\n\n\n<p>El fiscal penal de Rosario de la Frontera en feria, Nicol\u00e1s Rodr\u00edguez L\u00f3pez, imput\u00f3 en forma provisional a un hombre de 55 a\u00f1os y a su hijo de 26 a\u00f1os como coautores del delito de robo simple en perjuicio del Instituto Provincial de la Vivienda.<\/p>\n\n\n\n<p>El pasado 17 de enero, un empleado municipal report\u00f3 el robo de cables subterr\u00e1neos de una obra en construcci\u00f3n del Instituto Provincial de la Vivienda en la localidad de La Candelaria.<\/p>\n\n\n\n<p>Personal policial, luego de realizar tareas investigativas y relevamiento de testigos, identific\u00f3 a los acusados como sospechosos del hecho.<\/p>\n\n\n\n<p>Fueron detenidos sobre ruta nacional 9, cuando se dirig\u00edan hacia la provincia de Tucum\u00e1n, donde comercializan habitualmente chatarra. Se les secuestr\u00f3 del ba\u00fal del autom\u00f3vil una importante cantidad de cobre y forro pl\u00e1stico de cable, cuya procedencia no pudieron justificar y se procedi\u00f3 al secuestro.<\/p>\n\n\n\n<p>Tras la audiencia de imputaci\u00f3n, donde se abstuvieron de declarar, el fiscal Rodr\u00edguez L\u00f3pez solicit\u00f3 el mantenimiento de la detenci\u00f3n de ambos.<\/p>\n","protected":false},"excerpt":{"rendered":"<p>Tras la sospecha de haber sustra\u00eddo cables subterr\u00e1neos de una obra del IPV en La Candelaria para venderlo en Tucum\u00e1n, fueron detenidos sobre la ruta nacional 9. Llevaban 23 kilos de cobre en el ba\u00fal y forro pl\u00e1stico de cables, cuya procedencia no pudieron justificar. El fiscal penal de Rosario de la Frontera en feria, [&hellip;]<\/p>\n","protected":false},"author":2,"featured_media":52084,"comment_status":"open","ping_status":"open","sticky":false,"template":"","format":"standard","meta":{"tdm_status":"","tdm_grid_status":"","_joinchat":[],"footnotes":""},"categories":[69],"tags":[],"class_list":{"0":"post-52083","1":"post","2":"type-post","3":"status-publish","4":"format-standard","5":"has-post-thumbnail","7":"category-salta"},"amp_enabled":true,"_links":{"self":[{"href":"https:\/\/www.todoeldia.com\/index.php\/wp-json\/wp\/v2\/posts\/52083","targetHints":{"allow":["GET"]}}],"collection":[{"href":"https:\/\/www.todoeldia.com\/index.php\/wp-json\/wp\/v2\/posts"}],"about":[{"href":"https:\/\/www.todoeldia.com\/index.php\/wp-json\/wp\/v2\/types\/post"}],"author":[{"embeddable":true,"href":"https:\/\/www.todoeldia.com\/index.php\/wp-json\/wp\/v2\/users\/2"}],"replies":[{"embeddable":true,"href":"https:\/\/www.todoeldia.com\/index.php\/wp-json\/wp\/v2\/comments?post=52083"}],"version-history":[{"count":1,"href":"https:\/\/www.todoeldia.com\/index.php\/wp-json\/wp\/v2\/posts\/52083\/revisions"}],"predecessor-version":[{"id":52085,"href":"https:\/\/www.todoeldia.com\/index.php\/wp-json\/wp\/v2\/posts\/52083\/revisions\/52085"}],"wp:featuredmedia":[{"embeddable":true,"href":"https:\/\/www.todoeldia.com\/index.php\/wp-json\/wp\/v2\/media\/52084"}],"wp:attachment":[{"href":"https:\/\/www.todoeldia.com\/index.php\/wp-json\/wp\/v2\/media?parent=52083"}],"wp:term":[{"taxonomy":"category","embeddable":true,"href":"https:\/\/www.todoeldia.com\/index.php\/wp-json\/wp\/v2\/categories?post=52083"},{"taxonomy":"post_tag","embeddable":true,"href":"https:\/\/www.todoeldia.com\/index.php\/wp-json\/wp\/v2\/tags?post=52083"}],"curies":[{"name":"wp","href":"https:\/\/api.w.org\/{rel}","templated":true}]}}