{"id":52086,"date":"2023-01-24T11:14:15","date_gmt":"2023-01-24T14:14:15","guid":{"rendered":"https:\/\/www.todoeldia.com\/?p=52086"},"modified":"2023-01-24T11:14:39","modified_gmt":"2023-01-24T14:14:39","slug":"los-nocheros-tuvieron-que-suspender-sus-shows-por-un-grave-problema-de-salud-de-la-esposa-de-mario-teruel","status":"publish","type":"post","link":"https:\/\/www.todoeldia.com\/index.php\/2023\/01\/24\/los-nocheros-tuvieron-que-suspender-sus-shows-por-un-grave-problema-de-salud-de-la-esposa-de-mario-teruel\/","title":{"rendered":"Los Nocheros tuvieron que suspender sus shows por un grave problema de salud de la esposa de Mario Teruel"},"content":{"rendered":"\n<p>El pron\u00f3stico de La Moro es reservado, pero trascendi\u00f3 que se encuentra en coma farmacol\u00f3gico.<\/p>\n\n\n\n<p>Los Nocheros anunciaron la cancelaci\u00f3n de los recitales que ten\u00edan programados para el mes de enero debido a un problema de salud de La Moro, la esposa de Mario Teruel.<\/p>\n\n\n\n<p>La mujer se encuentra internada en coma farmacol\u00f3gico, con cuidados intensivos y pron\u00f3stico reservado. Fieles a sus fan\u00e1ticos, fue el propio grupo quien hizo el comunicado oficial a trav\u00e9s de sus redes sociales.<\/p>\n\n\n\n<p>Seg\u00fan informaron en su cuenta de Instagram, Moro sufri\u00f3 graves complicaciones de salud el pasado domingo \u201cdebido a dos aneurismas cerebrales\u201d por los que tuvo que ser intervenida quir\u00fargicamente este lunes por la madrugada. \u201cLes pedimos a todos que nos acompa\u00f1en con su fuerza, buena energ\u00eda y oraciones para que se recupere de la mejor manera\u201d, escribieron Los Nocheros.<\/p>\n\n\n\n<p>\u201cAnte esta delicada situaci\u00f3n, hemos decidido acompa\u00f1ar a la familia y, de com\u00fan acuerdo con todos los festivales, suspenderemos los shows previstos para el mes de enero\u201d, sum\u00f3 la banda salte\u00f1a.<\/p>\n\n\n\n<p>Con un mensaje esperanzador, cerraron: \u201cEsperamos que podamos volver pronto a reunirnos con ustedes para compartir nuestra m\u00fasica\u201d.<\/p>\n","protected":false},"excerpt":{"rendered":"<p>El pron\u00f3stico de La Moro es reservado, pero trascendi\u00f3 que se encuentra en coma farmacol\u00f3gico. Los Nocheros anunciaron la cancelaci\u00f3n de los recitales que ten\u00edan programados para el mes de enero debido a un problema de salud de La Moro, la esposa de Mario Teruel. La mujer se encuentra internada en coma farmacol\u00f3gico, con cuidados [&hellip;]<\/p>\n","protected":false},"author":2,"featured_media":52087,"comment_status":"open","ping_status":"open","sticky":false,"template":"","format":"standard","meta":{"tdm_status":"","tdm_grid_status":"","_joinchat":[],"footnotes":""},"categories":[73],"tags":[],"class_list":{"0":"post-52086","1":"post","2":"type-post","3":"status-publish","4":"format-standard","5":"has-post-thumbnail","7":"category-noticias-general"},"amp_enabled":true,"_links":{"self":[{"href":"https:\/\/www.todoeldia.com\/index.php\/wp-json\/wp\/v2\/posts\/52086","targetHints":{"allow":["GET"]}}],"collection":[{"href":"https:\/\/www.todoeldia.com\/index.php\/wp-json\/wp\/v2\/posts"}],"about":[{"href":"https:\/\/www.todoeldia.com\/index.php\/wp-json\/wp\/v2\/types\/post"}],"author":[{"embeddable":true,"href":"https:\/\/www.todoeldia.com\/index.php\/wp-json\/wp\/v2\/users\/2"}],"replies":[{"embeddable":true,"href":"https:\/\/www.todoeldia.com\/index.php\/wp-json\/wp\/v2\/comments?post=52086"}],"version-history":[{"count":1,"href":"https:\/\/www.todoeldia.com\/index.php\/wp-json\/wp\/v2\/posts\/52086\/revisions"}],"predecessor-version":[{"id":52088,"href":"https:\/\/www.todoeldia.com\/index.php\/wp-json\/wp\/v2\/posts\/52086\/revisions\/52088"}],"wp:featuredmedia":[{"embeddable":true,"href":"https:\/\/www.todoeldia.com\/index.php\/wp-json\/wp\/v2\/media\/52087"}],"wp:attachment":[{"href":"https:\/\/www.todoeldia.com\/index.php\/wp-json\/wp\/v2\/media?parent=52086"}],"wp:term":[{"taxonomy":"category","embeddable":true,"href":"https:\/\/www.todoeldia.com\/index.php\/wp-json\/wp\/v2\/categories?post=52086"},{"taxonomy":"post_tag","embeddable":true,"href":"https:\/\/www.todoeldia.com\/index.php\/wp-json\/wp\/v2\/tags?post=52086"}],"curies":[{"name":"wp","href":"https:\/\/api.w.org\/{rel}","templated":true}]}}