{"id":52597,"date":"2023-01-31T18:04:42","date_gmt":"2023-01-31T21:04:42","guid":{"rendered":"https:\/\/www.todoeldia.com\/?p=52597"},"modified":"2023-01-31T18:04:44","modified_gmt":"2023-01-31T21:04:44","slug":"de-qatar-a-jujuy-llego-el-abogado-acusado-de-liderar-el-robo-en-la-distribuidora-de-san-pedrito","status":"publish","type":"post","link":"https:\/\/www.todoeldia.com\/index.php\/2023\/01\/31\/de-qatar-a-jujuy-llego-el-abogado-acusado-de-liderar-el-robo-en-la-distribuidora-de-san-pedrito\/","title":{"rendered":"De Qatar a Jujuy: lleg\u00f3 el abogado acusado de liderar el robo en la distribuidora de San Pedrito"},"content":{"rendered":"\n<p>Se trata de Diego Javier Chac\u00f3n que lleg\u00f3 en la noche del lunes al pa\u00eds tras su detenci\u00f3n en Oriente Medio. En horas de la ma\u00f1ana lleg\u00f3 a Jujuy.<\/p>\n\n\n\n<p>El abogado juje\u00f1o Diego Javier Chac\u00f3n, exintegrante de la comisi\u00f3n directiva del club Gimnasia y Esgrima de Jujuy y barrabrava detenido en Qatar, finalmente fue trasladado a la provincia por la Divisi\u00f3n Investigaci\u00f3n Federal de Fugitivos y Extradiciones, seg\u00fan informaron fuentes de la Polic\u00eda Federal.<\/p>\n\n\n\n<p>El detenido lleg\u00f3 a Jujuy en horas de la ma\u00f1ana en el vuelo AR1474 de Aerol\u00edneas Argentinas.<\/p>\n\n\n\n<p>Seg\u00fan pudo saber Somos Jujuy, Diego Chac\u00f3n lleg\u00f3 a Jujuy y del aeropuerto se intermediar\u00edan las diligencias para que se emita su ingreso al Penal N\u00ba1 ubicado en el barrio Gorriti de la ciudad de San Salvador. La imputaci\u00f3n que recae sobre \u00e9l es \u201crobo calificado por el uso de arma de fuego en grado de tentativa en concurso real con el delito de homicidio criminis causa y homicidio criminis causa en grado de tentativa\u201d.<\/p>\n\n\n\n<p>En di\u00e1logo con nuestro medio, la comisario Luciana R\u00edos indic\u00f3: \u201cEstamos a la espera de la confirmaci\u00f3n del ingreso de esta persona que seguramente se producir\u00e1 el traslado al Servicio Penitenciario\u201d.<\/p>\n\n\n\n<p>Diego Cussel es el fiscal que est\u00e1 a cargo de la investigaci\u00f3n de los hechos ocurridos en la distribuidora de l\u00e1cteos.<\/p>\n\n\n\n<p>Cuando se produjo la detenci\u00f3n, Cussel inform\u00f3 que el rol que habr\u00eda tenido el abogado en el hecho fue de log\u00edstica. \u201cLa participaci\u00f3n activa que tuvo es la coordinaci\u00f3n en la informaci\u00f3n con otras personas que fueron las que entraron a esa distribuidora\u201d, precis\u00f3 Cussel.<\/p>\n\n\n\n<p>La historia del asalto a una distribuidora de Jujuy en la que particip\u00f3 el abogado imputado.<\/p>\n\n\n\n<figure class=\"wp-block-image size-full\"><img loading=\"lazy\" decoding=\"async\" width=\"912\" height=\"562\" src=\"https:\/\/www.todoeldia.com\/wp-content\/uploads\/2023\/01\/image-273.png\" alt=\"\" class=\"wp-image-52599\" srcset=\"https:\/\/www.todoeldia.com\/wp-content\/uploads\/2023\/01\/image-273.png 912w, https:\/\/www.todoeldia.com\/wp-content\/uploads\/2023\/01\/image-273-300x185.png 300w, https:\/\/www.todoeldia.com\/wp-content\/uploads\/2023\/01\/image-273-768x473.png 768w, https:\/\/www.todoeldia.com\/wp-content\/uploads\/2023\/01\/image-273-696x429.png 696w, https:\/\/www.todoeldia.com\/wp-content\/uploads\/2023\/01\/image-273-682x420.png 682w, https:\/\/www.todoeldia.com\/wp-content\/uploads\/2023\/01\/image-273-356x220.png 356w\" sizes=\"auto, (max-width: 912px) 100vw, 912px\" \/><\/figure>\n\n\n\n<p>El s\u00e1bado 19 de noviembre cerca de las 14 horas, dos delincuentes entraron armados a una distribuidora de l\u00e1cteos de barrio San Pedrito en la capital juje\u00f1a. En el asalto dispararon e hirieron a un empleado y mataron a otro<\/p>\n\n\n\n<p>Tras el robo y homicidio, los delincuentes se fugaron en una camioneta. Fuentes policiales confirmaron que recorrieron unas cuadras y cambiaron de auto. Los registros permitieron establecer que tomaron la Ruta 66 y a partir de all\u00ed se perdi\u00f3 el rastro<\/p>\n\n\n\n<p>A menos de una semana del robo, una mujer fue detenida en la ciudad de Palpal\u00e1. El Jefe de la Polic\u00eda confirm\u00f3 que estaba vinculada a la causa por ser la propietaria del veh\u00edculo que usaron los delincuentes para fugarse. El auto tambi\u00e9n fue secuestrado<\/p>\n\n\n\n<p>D\u00edas m\u00e1s tarde se produjeron otras detenciones vinculadas a la causa. Lograron atrapar a un hombre en Jujuy y a otro en Mendoza que fue trasladado para que est\u00e9 a disposici\u00f3n de la Justicia juje\u00f1a.<\/p>\n\n\n\n<p>Pero este caso seguir\u00eda dando qu\u00e9 hablar. El jueves 8 de diciembre detuvieron en Qatar a Diego Chac\u00f3n, un abogado juje\u00f1o involucrado en el robo. El hombre se encontraba disfrutando del Mundial de Futbol, pero contaba con un pedido de captura internacional y fue apresado por Interpol<\/p>\n\n\n\n<p>El Ministerio P\u00fablico de la Acusaci\u00f3n detall\u00f3 que entre los d\u00edas 1 y 18 de noviembre, Chac\u00f3n se habr\u00eda contactado con los otros imputados, a quienes previo a suministrarle informaci\u00f3n sobre el movimiento log\u00edstico, humano y comercial de la distribuidora, les encarg\u00f3 que fueran con armas de fuego para llevarse el dinero que hab\u00eda en la empresa.<\/p>\n\n\n\n<p>La investigaci\u00f3n contin\u00faa y la causa sigue su curso. Por ahora hay 5 detenidos, un veh\u00edculo secuestrado y, lamentablemente, un hombre que fue a trabajar, fue asesinado y nunca m\u00e1s volvi\u00f3 a su casa.<\/p>\n","protected":false},"excerpt":{"rendered":"<p>Se trata de Diego Javier Chac\u00f3n que lleg\u00f3 en la noche del lunes al pa\u00eds tras su detenci\u00f3n en Oriente Medio. En horas de la ma\u00f1ana lleg\u00f3 a Jujuy. El abogado juje\u00f1o Diego Javier Chac\u00f3n, exintegrante de la comisi\u00f3n directiva del club Gimnasia y Esgrima de Jujuy y barrabrava detenido en Qatar, finalmente fue trasladado [&hellip;]<\/p>\n","protected":false},"author":2,"featured_media":52598,"comment_status":"open","ping_status":"open","sticky":false,"template":"","format":"standard","meta":{"tdm_status":"","tdm_grid_status":"","_joinchat":[],"footnotes":""},"categories":[63],"tags":[],"class_list":{"0":"post-52597","1":"post","2":"type-post","3":"status-publish","4":"format-standard","5":"has-post-thumbnail","7":"category-policiales"},"amp_enabled":true,"_links":{"self":[{"href":"https:\/\/www.todoeldia.com\/index.php\/wp-json\/wp\/v2\/posts\/52597","targetHints":{"allow":["GET"]}}],"collection":[{"href":"https:\/\/www.todoeldia.com\/index.php\/wp-json\/wp\/v2\/posts"}],"about":[{"href":"https:\/\/www.todoeldia.com\/index.php\/wp-json\/wp\/v2\/types\/post"}],"author":[{"embeddable":true,"href":"https:\/\/www.todoeldia.com\/index.php\/wp-json\/wp\/v2\/users\/2"}],"replies":[{"embeddable":true,"href":"https:\/\/www.todoeldia.com\/index.php\/wp-json\/wp\/v2\/comments?post=52597"}],"version-history":[{"count":1,"href":"https:\/\/www.todoeldia.com\/index.php\/wp-json\/wp\/v2\/posts\/52597\/revisions"}],"predecessor-version":[{"id":52600,"href":"https:\/\/www.todoeldia.com\/index.php\/wp-json\/wp\/v2\/posts\/52597\/revisions\/52600"}],"wp:featuredmedia":[{"embeddable":true,"href":"https:\/\/www.todoeldia.com\/index.php\/wp-json\/wp\/v2\/media\/52598"}],"wp:attachment":[{"href":"https:\/\/www.todoeldia.com\/index.php\/wp-json\/wp\/v2\/media?parent=52597"}],"wp:term":[{"taxonomy":"category","embeddable":true,"href":"https:\/\/www.todoeldia.com\/index.php\/wp-json\/wp\/v2\/categories?post=52597"},{"taxonomy":"post_tag","embeddable":true,"href":"https:\/\/www.todoeldia.com\/index.php\/wp-json\/wp\/v2\/tags?post=52597"}],"curies":[{"name":"wp","href":"https:\/\/api.w.org\/{rel}","templated":true}]}}