{"id":52603,"date":"2023-01-31T18:30:49","date_gmt":"2023-01-31T21:30:49","guid":{"rendered":"https:\/\/www.todoeldia.com\/?p=52603"},"modified":"2023-01-31T18:30:50","modified_gmt":"2023-01-31T21:30:50","slug":"tragedia-en-brasil-una-mujer-argentina-y-su-hijo-murieron-tras-volcar-un-colectivo-en-una-ruta","status":"publish","type":"post","link":"https:\/\/www.todoeldia.com\/index.php\/2023\/01\/31\/tragedia-en-brasil-una-mujer-argentina-y-su-hijo-murieron-tras-volcar-un-colectivo-en-una-ruta\/","title":{"rendered":"&nbsp;Tragedia en Brasil: una mujer argentina y su hijo murieron tras volcar un colectivo en una ruta"},"content":{"rendered":"\n<p>El siniestro ocurri\u00f3 alrededor de la 1:50 cuando el \u00f3mnibus cay\u00f3 en un barranco por causas a\u00fan desconocidas<\/p>\n\n\n\n<p>En la madrugada de este martes murieron siete personas y una veintena resultaron heridas al caer un colectivo en una ruta de Brasil, inform\u00f3 la Polic\u00eda Federal de Carreteras (PRF). Entre los siete fallecidos hay un ni\u00f1o de tres a\u00f1os y su madre, ambos de nacionalidad argentina, otra mujer y cuatro hombres, seg\u00fan fuentes policiales, inform\u00f3 la agencia de noticias AFP.<\/p>\n\n\n\n<figure class=\"wp-block-image size-full is-resized\"><img loading=\"lazy\" decoding=\"async\" src=\"https:\/\/www.todoeldia.com\/wp-content\/uploads\/2023\/01\/image-274.png\" alt=\"\" class=\"wp-image-52605\" width=\"905\" height=\"909\" srcset=\"https:\/\/www.todoeldia.com\/wp-content\/uploads\/2023\/01\/image-274-300x300.png 300w, https:\/\/www.todoeldia.com\/wp-content\/uploads\/2023\/01\/image-274-150x150.png 150w\" sizes=\"auto, (max-width: 905px) 100vw, 905px\" \/><\/figure>\n\n\n\n<p>El hecho ocurri\u00f3 alrededor de la 1:50 cuando el \u00f3mnibus cay\u00f3 en un barranco al costado de la ruta por causas desconocidas. Sucedi\u00f3 en el kil\u00f3metro 232 de la BR-277, en Fernandes Pinheiro, en el estado de Paran\u00e1.<\/p>\n\n\n\n<p>Entre los muertos se encuentran el ni\u00f1o argentino de 3 a\u00f1os, 2 mujeres, siendo una de ellas argentina y madre del chico fallecido, y 4 hombres.<\/p>\n\n\n\n<p>El padre del ni\u00f1o argentino hab\u00eda abandonado el lugar del accidente, antes de la llegada de los equipos de rescate, en un intento de socorrerlo pero el ni\u00f1o ya estaba muerto.<\/p>\n\n\n\n<figure class=\"wp-block-image size-full is-resized\"><img loading=\"lazy\" decoding=\"async\" src=\"https:\/\/www.todoeldia.com\/wp-content\/uploads\/2023\/01\/image-275.png\" alt=\"\" class=\"wp-image-52606\" width=\"908\" height=\"515\"\/><\/figure>\n\n\n\n<p>El bus de la empresa Via\u00e7\u00e3o Catarinens trasladaba varios extranjeros entre los 54 pasajeros, hab\u00eda paraguayos, franceses y alemanes, de acuerdo a la jefa de bomberos del municipio paranaense de Irati, Carla Spak.<\/p>\n\n\n\n<p>Adem\u00e1s de las personas fallecidas, el saldo del siniestro es de 22 personas heridas, que fueron trasladadas a centros de salud cercanos en la regi\u00f3n central de Paran\u00e1. Siete de ellos se encuentran en estado grave, seg\u00fan informaci\u00f3n del Cuerpo de Bomberos de Paran\u00e1.<\/p>\n\n\n\n<p>M\u00e1s all\u00e1 de los agentes de la Polic\u00eda Federal de Carreteras, el Cuerpo de Bomberos de Paran\u00e1 y el Servicio M\u00f3vil de Emergencia &#8211; SAMU, tambi\u00e9n colaboraron en el rescate.<\/p>\n","protected":false},"excerpt":{"rendered":"<p>El siniestro ocurri\u00f3 alrededor de la 1:50 cuando el \u00f3mnibus cay\u00f3 en un barranco por causas a\u00fan desconocidas En la madrugada de este martes murieron siete personas y una veintena resultaron heridas al caer un colectivo en una ruta de Brasil, inform\u00f3 la Polic\u00eda Federal de Carreteras (PRF). Entre los siete fallecidos hay un ni\u00f1o [&hellip;]<\/p>\n","protected":false},"author":2,"featured_media":52604,"comment_status":"open","ping_status":"open","sticky":false,"template":"","format":"standard","meta":{"tdm_status":"","tdm_grid_status":"","_joinchat":[],"footnotes":""},"categories":[73],"tags":[],"class_list":{"0":"post-52603","1":"post","2":"type-post","3":"status-publish","4":"format-standard","5":"has-post-thumbnail","7":"category-noticias-general"},"amp_enabled":true,"_links":{"self":[{"href":"https:\/\/www.todoeldia.com\/index.php\/wp-json\/wp\/v2\/posts\/52603","targetHints":{"allow":["GET"]}}],"collection":[{"href":"https:\/\/www.todoeldia.com\/index.php\/wp-json\/wp\/v2\/posts"}],"about":[{"href":"https:\/\/www.todoeldia.com\/index.php\/wp-json\/wp\/v2\/types\/post"}],"author":[{"embeddable":true,"href":"https:\/\/www.todoeldia.com\/index.php\/wp-json\/wp\/v2\/users\/2"}],"replies":[{"embeddable":true,"href":"https:\/\/www.todoeldia.com\/index.php\/wp-json\/wp\/v2\/comments?post=52603"}],"version-history":[{"count":1,"href":"https:\/\/www.todoeldia.com\/index.php\/wp-json\/wp\/v2\/posts\/52603\/revisions"}],"predecessor-version":[{"id":52607,"href":"https:\/\/www.todoeldia.com\/index.php\/wp-json\/wp\/v2\/posts\/52603\/revisions\/52607"}],"wp:featuredmedia":[{"embeddable":true,"href":"https:\/\/www.todoeldia.com\/index.php\/wp-json\/wp\/v2\/media\/52604"}],"wp:attachment":[{"href":"https:\/\/www.todoeldia.com\/index.php\/wp-json\/wp\/v2\/media?parent=52603"}],"wp:term":[{"taxonomy":"category","embeddable":true,"href":"https:\/\/www.todoeldia.com\/index.php\/wp-json\/wp\/v2\/categories?post=52603"},{"taxonomy":"post_tag","embeddable":true,"href":"https:\/\/www.todoeldia.com\/index.php\/wp-json\/wp\/v2\/tags?post=52603"}],"curies":[{"name":"wp","href":"https:\/\/api.w.org\/{rel}","templated":true}]}}