{"id":52896,"date":"2023-02-04T13:32:29","date_gmt":"2023-02-04T16:32:29","guid":{"rendered":"https:\/\/www.todoeldia.com\/?p=52896"},"modified":"2023-02-04T13:32:53","modified_gmt":"2023-02-04T16:32:53","slug":"choco-mato-a-dos-motociclistas-dejo-su-auto-abandonado-y-se-fugo","status":"publish","type":"post","link":"https:\/\/www.todoeldia.com\/index.php\/2023\/02\/04\/choco-mato-a-dos-motociclistas-dejo-su-auto-abandonado-y-se-fugo\/","title":{"rendered":"Choco, mat\u00f3 a dos motociclistas, dej\u00f3 su auto abandonado y se fug\u00f3"},"content":{"rendered":"\n<p>Los dos ocupantes de una motocicleta murieron esta madrugada tras recibir el impacto de un veh\u00edculo mientras transitaban por la Ruta Provincial 43, a la altura del Centro Gaucho \u201cDefensores del Norte\u201d, en la localidad de La Ovejer\u00eda, en Jujuy.<\/p>\n\n\n\n<p>El conductor del autom\u00f3vil que habr\u00eda ocasionado el hecho, lejos de asistir a las v\u00edctimas, se dio a la fuga dejando abandonado el veh\u00edculo.<\/p>\n\n\n\n<p>El siniestro fatal se produjo cerca de las 00.30 de este s\u00e1bado cuando la motocicleta marca Gilera, 110 cc, en la que viajaban un joven y su acompa\u00f1ante, ambos masculinos, por causas que se tratan de establecer, recibieron un impacto en la parte trasera por parte de un veh\u00edculo Renault Megane de color bordo.<\/p>\n\n\n\n<p>A ra\u00edz del fuerte impacto, los dos ocupantes de la motocicleta salieron despedidos y cayeron sobre la cinta asf\u00e1ltica, y a causa de los golpes, perdieron la vida en el lugar.<\/p>\n\n\n\n<p>Cuando personal policial de la Unidad Regional 6 lleg\u00f3 al lugar, se dio con los cuerpos de las v\u00edctimas y el autom\u00f3vil que hab\u00eda sido abandonado. El conductor se hab\u00eda fugado tras el hecho.<\/p>\n","protected":false},"excerpt":{"rendered":"<p>Los dos ocupantes de una motocicleta murieron esta madrugada tras recibir el impacto de un veh\u00edculo mientras transitaban por la Ruta Provincial 43, a la altura del Centro Gaucho \u201cDefensores del Norte\u201d, en la localidad de La Ovejer\u00eda, en Jujuy. El conductor del autom\u00f3vil que habr\u00eda ocasionado el hecho, lejos de asistir a las v\u00edctimas, [&hellip;]<\/p>\n","protected":false},"author":2,"featured_media":52897,"comment_status":"open","ping_status":"open","sticky":false,"template":"","format":"standard","meta":{"tdm_status":"","tdm_grid_status":"","_joinchat":[],"footnotes":""},"categories":[63],"tags":[],"class_list":{"0":"post-52896","1":"post","2":"type-post","3":"status-publish","4":"format-standard","5":"has-post-thumbnail","7":"category-policiales"},"amp_enabled":true,"_links":{"self":[{"href":"https:\/\/www.todoeldia.com\/index.php\/wp-json\/wp\/v2\/posts\/52896","targetHints":{"allow":["GET"]}}],"collection":[{"href":"https:\/\/www.todoeldia.com\/index.php\/wp-json\/wp\/v2\/posts"}],"about":[{"href":"https:\/\/www.todoeldia.com\/index.php\/wp-json\/wp\/v2\/types\/post"}],"author":[{"embeddable":true,"href":"https:\/\/www.todoeldia.com\/index.php\/wp-json\/wp\/v2\/users\/2"}],"replies":[{"embeddable":true,"href":"https:\/\/www.todoeldia.com\/index.php\/wp-json\/wp\/v2\/comments?post=52896"}],"version-history":[{"count":1,"href":"https:\/\/www.todoeldia.com\/index.php\/wp-json\/wp\/v2\/posts\/52896\/revisions"}],"predecessor-version":[{"id":52898,"href":"https:\/\/www.todoeldia.com\/index.php\/wp-json\/wp\/v2\/posts\/52896\/revisions\/52898"}],"wp:featuredmedia":[{"embeddable":true,"href":"https:\/\/www.todoeldia.com\/index.php\/wp-json\/wp\/v2\/media\/52897"}],"wp:attachment":[{"href":"https:\/\/www.todoeldia.com\/index.php\/wp-json\/wp\/v2\/media?parent=52896"}],"wp:term":[{"taxonomy":"category","embeddable":true,"href":"https:\/\/www.todoeldia.com\/index.php\/wp-json\/wp\/v2\/categories?post=52896"},{"taxonomy":"post_tag","embeddable":true,"href":"https:\/\/www.todoeldia.com\/index.php\/wp-json\/wp\/v2\/tags?post=52896"}],"curies":[{"name":"wp","href":"https:\/\/api.w.org\/{rel}","templated":true}]}}