{"id":52899,"date":"2023-02-04T13:36:31","date_gmt":"2023-02-04T16:36:31","guid":{"rendered":"https:\/\/www.todoeldia.com\/?p=52899"},"modified":"2023-02-04T13:37:16","modified_gmt":"2023-02-04T16:37:16","slug":"declararon-estado-de-catastrofe-por-los-incendios-en-chile-hay-al-menos-13-muertos","status":"publish","type":"post","link":"https:\/\/www.todoeldia.com\/index.php\/2023\/02\/04\/declararon-estado-de-catastrofe-por-los-incendios-en-chile-hay-al-menos-13-muertos\/","title":{"rendered":"Declararon estado de cat\u00e1strofe por los incendios en Chile: hay al menos 13 muertos"},"content":{"rendered":"\n<p>Dos de las v\u00edctimas fatales murieron al caer un helic\u00f3ptero que participaba en el combate de las llamas. El presidente Boric suspendi\u00f3 sus vacaciones y se traslad\u00f3 a la regi\u00f3n afectada.<\/p>\n\n\n\n<p>Al menos 13 muertos causaron este viernes los 204 incendios activos que golpean la zona centro sur de Chile, y que llevaron al Gobierno a declarar el estado de cat\u00e1strofe en la regi\u00f3n.<\/p>\n\n\n\n<p>&#8220;Tenemos que se\u00f1alar que hay 13 fallecidos en total, 11 en la comuna de Santa Juana, un piloto de nacionalidad boliviana y un mec\u00e1nico de nacionalidad chilena que capotaron en un helic\u00f3ptero que se encontraba en su funci\u00f3n de combatir este incendio&#8221;, dijo Mauricio Tapia, director nacional subrogante del Servicio Nacional de Prevenci\u00f3n y Respuesta ante Desastres (Senapred).<\/p>\n\n\n\n<p>Una de las personas fallecidas en Santa Juana, en la regi\u00f3n de Biob\u00edo, era una voluntaria del cuerpo de bomberos de esa localidad.<\/p>\n\n\n\n<p>&#8220;Muy tristes por accidente de helic\u00f3ptero en que falleci\u00f3 piloto y mec\u00e1nico que trabajaban en el combate del fuego en la comuna de Galvarino en La Araucan\u00eda&#8221;, escribi\u00f3 en su cuenta en Twitter el ministro chileno de Agricultura, Esteban Valenzuela.<\/p>\n\n\n\n<p>Seg\u00fan las autoridades, m\u00e1s de 200 incendios han arrasado m\u00e1s de 47.000 hect\u00e1reas, dejado 97 viviendas completamente destruidas y 22 heridos, ocho de ellos de gravedad. De los 204 incendios activos, 56 est\u00e1n fuera de control.<\/p>\n\n\n\n<p>La situaci\u00f3n, que est\u00e1 lejos de ser controlada, trae a la memoria la cat\u00e1strofe que se vivi\u00f3 en esa zona a comienzos de 2017, cuando un megaincendio forestal dej\u00f3 11 fallecidos, unos 6.000 damnificados, m\u00e1s de 1.500 viviendas destruidas y 467.000 hect\u00e1reas afectadas.<\/p>\n\n\n\n<p>Como en aquel a\u00f1o, los focos de incendio actuales comenzaron en \u00e1reas agr\u00edcolas y en bosques, y avanzaron hasta amenazar y afectar zonas pobladas.<\/p>\n\n\n\n<p>Incluso el tr\u00e1nsito por una de las carreteras principales que comunica a la ciudad de Concepci\u00f3n (510 km al sur de Santiago) debi\u00f3 ser restringido desde el jueves por la cercan\u00eda del fuego.<\/p>\n\n\n\n<p>Uno de los epicentros de la tragedia es la localidad de Santa Juana, 52 km al sur de Concepci\u00f3n.<\/p>\n\n\n\n<p>Estado de cat\u00e1strofe<\/p>\n\n\n\n<p>El gobierno de Chile declar\u00f3 el viernes el estado de cat\u00e1strofe en las regiones de \u00d1uble y Biob\u00edo (centro-sur). Los focos de siniestros tambi\u00e9n afectan a las regiones de Maule y La Araucan\u00eda.<\/p>\n\n\n\n<p>El presidente Gabriel Boric decidi\u00f3 suspender sus vacaciones y lleg\u00f3 este viernes hasta Biob\u00edo y \u00d1uble.<\/p>\n\n\n\n<p>&#8220;Vamos a estar realizando patrullajes por toda la zona. Lo m\u00e1s importante ahora es apagar los incendios. El Estado est\u00e1 desplegado para eso&#8221;, dijo Boric.<\/p>\n\n\n\n<p>&#8220;No los vamos a dejar solos&#8221;, fue la frase m\u00e1s repetida del mandatario, agreg\u00f3 AFP.<\/p>\n\n\n\n<p>Respecto al origen de los incendios forestales, el presidente adelant\u00f3 que \u201chay indicios de que algunos fueron provocados por quemas no autorizadas\u201d, y agreg\u00f3 que \u201cno hay autorizaci\u00f3n para realizar quemas de basura, ni de desechos agr\u00edcolas, ni nada\u201d.<\/p>\n","protected":false},"excerpt":{"rendered":"<p>Dos de las v\u00edctimas fatales murieron al caer un helic\u00f3ptero que participaba en el combate de las llamas. El presidente Boric suspendi\u00f3 sus vacaciones y se traslad\u00f3 a la regi\u00f3n afectada. Al menos 13 muertos causaron este viernes los 204 incendios activos que golpean la zona centro sur de Chile, y que llevaron al Gobierno [&hellip;]<\/p>\n","protected":false},"author":2,"featured_media":52900,"comment_status":"open","ping_status":"open","sticky":false,"template":"","format":"standard","meta":{"tdm_status":"","tdm_grid_status":"","_joinchat":[],"footnotes":""},"categories":[73],"tags":[],"class_list":{"0":"post-52899","1":"post","2":"type-post","3":"status-publish","4":"format-standard","5":"has-post-thumbnail","7":"category-noticias-general"},"amp_enabled":true,"_links":{"self":[{"href":"https:\/\/www.todoeldia.com\/index.php\/wp-json\/wp\/v2\/posts\/52899","targetHints":{"allow":["GET"]}}],"collection":[{"href":"https:\/\/www.todoeldia.com\/index.php\/wp-json\/wp\/v2\/posts"}],"about":[{"href":"https:\/\/www.todoeldia.com\/index.php\/wp-json\/wp\/v2\/types\/post"}],"author":[{"embeddable":true,"href":"https:\/\/www.todoeldia.com\/index.php\/wp-json\/wp\/v2\/users\/2"}],"replies":[{"embeddable":true,"href":"https:\/\/www.todoeldia.com\/index.php\/wp-json\/wp\/v2\/comments?post=52899"}],"version-history":[{"count":2,"href":"https:\/\/www.todoeldia.com\/index.php\/wp-json\/wp\/v2\/posts\/52899\/revisions"}],"predecessor-version":[{"id":52902,"href":"https:\/\/www.todoeldia.com\/index.php\/wp-json\/wp\/v2\/posts\/52899\/revisions\/52902"}],"wp:featuredmedia":[{"embeddable":true,"href":"https:\/\/www.todoeldia.com\/index.php\/wp-json\/wp\/v2\/media\/52900"}],"wp:attachment":[{"href":"https:\/\/www.todoeldia.com\/index.php\/wp-json\/wp\/v2\/media?parent=52899"}],"wp:term":[{"taxonomy":"category","embeddable":true,"href":"https:\/\/www.todoeldia.com\/index.php\/wp-json\/wp\/v2\/categories?post=52899"},{"taxonomy":"post_tag","embeddable":true,"href":"https:\/\/www.todoeldia.com\/index.php\/wp-json\/wp\/v2\/tags?post=52899"}],"curies":[{"name":"wp","href":"https:\/\/api.w.org\/{rel}","templated":true}]}}