{"id":52969,"date":"2023-02-05T18:44:04","date_gmt":"2023-02-05T21:44:04","guid":{"rendered":"https:\/\/www.todoeldia.com\/?p=52969"},"modified":"2023-02-05T18:44:05","modified_gmt":"2023-02-05T21:44:05","slug":"el-gobierno-destino-2-700-millones-por-dia-en-enero-para-subsidiar-planes-sociales-de-los-piqueteros-k","status":"publish","type":"post","link":"https:\/\/www.todoeldia.com\/index.php\/2023\/02\/05\/el-gobierno-destino-2-700-millones-por-dia-en-enero-para-subsidiar-planes-sociales-de-los-piqueteros-k\/","title":{"rendered":"El Gobierno destin\u00f3 $ 2.700 millones por d\u00eda en enero para subsidiar planes sociales de los piqueteros K"},"content":{"rendered":"\n<p>Entre el Potenciar Trabajo y la Tarjeta Alimentar ya se gastaron $ 84.000 millones solo en el primer mes del a\u00f1o. El aumento interanual super\u00f3 ampliamente a la inflaci\u00f3n del per\u00edodo.<\/p>\n\n\n\n<p>S\u00f3lo en enero, el Gobierno destin\u00f3 $ 2.700 millones por d\u00eda a subsidiar planes sociales que controlan dirigentes piqueteros aliados al kirchnerismo. Se trata del gasto asignado a los dos principales programas del Ministerio de Desarrollo Social, el Potenciar Trabajo y la Tarjeta Alimentar, que dependen del Movimiento Evita y La C\u00e1mpora.<\/p>\n\n\n\n<p>En los primeros 31 d\u00edas del a\u00f1o, se transfirieron a esas \u00e1reas $ 84.077 millones, a raz\u00f3n de $ 2.712 millones cada 24 horas, en l\u00ednea por ahora del presupuesto anual previsto por el Ministerio de Econom\u00eda en asistencia social para el a\u00f1o electoral, de m\u00e1s de $ 1 bill\u00f3n.<\/p>\n\n\n\n<p>No obstante, comparado con los valores de a\u00f1os previos, los fondos sociales crecieron por encima de la inflaci\u00f3n: en enero 2021, se gastaban $ 600 millones por d\u00eda, mientras que en el primer mes de 2022 las erogaciones eran de $ 1.100 millones diarios y ahora treparon a m\u00e1s de $ 2.700 millones, casi cinco veces el gasto original de hace dos a\u00f1os.<\/p>\n\n\n\n<p>Como viene sucediendo desde su creaci\u00f3n en 2020, el Potenciar Trabajo es el programa que m\u00e1s fondos recibe de Desarrollo Social para planes. Hasta finales del a\u00f1o pasado, hab\u00eda alrededor de 1,3 millones de personas que cobraban medio salario m\u00ednimo vital y m\u00f3vil, pero en los primeros d\u00edas de 2023 ese padr\u00f3n se ajust\u00f3 despu\u00e9s de la decisi\u00f3n de la ministra Victoria Tolosa Paz de suspender a 154.441 personas que no se anotaron para validar los datos a trav\u00e9s de internet.<\/p>\n\n\n\n<p>A cargo del l\u00edder piquetero Emilio P\u00e9rsico, que a su vez es secretario de Econom\u00eda Social, el Potenciar Trabajo ya demand\u00f3 fondos estatales por $ 46.652 millones en enero, el equivalente a $ 1.504 millones por d\u00eda. Para todo el a\u00f1o, la proyecci\u00f3n total del programa marca recursos por $ 590.982 millones. Desde Econom\u00eda Social, P\u00e9rsico los paga, y desde el Movimiento Evita, donde es el principal referente, los cobra.<\/p>\n","protected":false},"excerpt":{"rendered":"<p>Entre el Potenciar Trabajo y la Tarjeta Alimentar ya se gastaron $ 84.000 millones solo en el primer mes del a\u00f1o. El aumento interanual super\u00f3 ampliamente a la inflaci\u00f3n del per\u00edodo. S\u00f3lo en enero, el Gobierno destin\u00f3 $ 2.700 millones por d\u00eda a subsidiar planes sociales que controlan dirigentes piqueteros aliados al kirchnerismo. Se trata [&hellip;]<\/p>\n","protected":false},"author":2,"featured_media":52970,"comment_status":"open","ping_status":"open","sticky":false,"template":"","format":"standard","meta":{"tdm_status":"","tdm_grid_status":"","_joinchat":[],"footnotes":""},"categories":[59],"tags":[],"class_list":{"0":"post-52969","1":"post","2":"type-post","3":"status-publish","4":"format-standard","5":"has-post-thumbnail","7":"category-politica"},"amp_enabled":true,"_links":{"self":[{"href":"https:\/\/www.todoeldia.com\/index.php\/wp-json\/wp\/v2\/posts\/52969","targetHints":{"allow":["GET"]}}],"collection":[{"href":"https:\/\/www.todoeldia.com\/index.php\/wp-json\/wp\/v2\/posts"}],"about":[{"href":"https:\/\/www.todoeldia.com\/index.php\/wp-json\/wp\/v2\/types\/post"}],"author":[{"embeddable":true,"href":"https:\/\/www.todoeldia.com\/index.php\/wp-json\/wp\/v2\/users\/2"}],"replies":[{"embeddable":true,"href":"https:\/\/www.todoeldia.com\/index.php\/wp-json\/wp\/v2\/comments?post=52969"}],"version-history":[{"count":1,"href":"https:\/\/www.todoeldia.com\/index.php\/wp-json\/wp\/v2\/posts\/52969\/revisions"}],"predecessor-version":[{"id":52971,"href":"https:\/\/www.todoeldia.com\/index.php\/wp-json\/wp\/v2\/posts\/52969\/revisions\/52971"}],"wp:featuredmedia":[{"embeddable":true,"href":"https:\/\/www.todoeldia.com\/index.php\/wp-json\/wp\/v2\/media\/52970"}],"wp:attachment":[{"href":"https:\/\/www.todoeldia.com\/index.php\/wp-json\/wp\/v2\/media?parent=52969"}],"wp:term":[{"taxonomy":"category","embeddable":true,"href":"https:\/\/www.todoeldia.com\/index.php\/wp-json\/wp\/v2\/categories?post=52969"},{"taxonomy":"post_tag","embeddable":true,"href":"https:\/\/www.todoeldia.com\/index.php\/wp-json\/wp\/v2\/tags?post=52969"}],"curies":[{"name":"wp","href":"https:\/\/api.w.org\/{rel}","templated":true}]}}