{"id":5297,"date":"2020-09-09T21:17:23","date_gmt":"2020-09-10T00:17:23","guid":{"rendered":"https:\/\/www.todoeldia.com\/?p=5297"},"modified":"2020-09-09T21:17:24","modified_gmt":"2020-09-10T00:17:24","slug":"esteban-afirmo-que-convocara-al-coe-a-gente-que-sabe-y-que-conoce-del-tema-para-mejorar-su-funcionamiento","status":"publish","type":"post","link":"https:\/\/www.todoeldia.com\/index.php\/2020\/09\/09\/esteban-afirmo-que-convocara-al-coe-a-gente-que-sabe-y-que-conoce-del-tema-para-mejorar-su-funcionamiento\/","title":{"rendered":"Esteban afirm\u00f3 que convocara al COE a gente que sabe y que conoce del tema para mejorar su funcionamiento"},"content":{"rendered":"\n<p>El flamante ministro de Salud P\u00fablica, Juan Jos\u00e9 Esteban asegur\u00f3 que los reactivos para los test son escasos y dif\u00edciles de conseguir y que el gobierno est\u00e1 haciendo todo lo posible para obtenerlos y mejorar la situaci\u00f3n.<\/p>\n\n\n\n<p>Indic\u00f3 que har\u00e1 funcionar el (COE) Comit\u00e9 Operativo de Emergencia convocando a gente que sabe y que conoce del tema para mejorar su funcionamiento y trabajar\u00e1 para que la comunicaci\u00f3n y la informaci\u00f3n sea verdadera y real.<\/p>\n\n\n\n<p>Esteban afirm\u00f3 desconocer la situaci\u00f3n sanitaria de cada uno de los hospitales de la Provincia por lo que su gesti\u00f3n ser\u00e1 de puertas abiertas e implementar\u00e1 un sistema de comunicaci\u00f3n con cada gerente para conocer al instante la situaci\u00f3n de cada uno de ellos.<\/p>\n\n\n\n<p>Asimismo, resalto que recorrer\u00e1 tambi\u00e9n toda la Provincia para tener conocimiento de las necesidades de cada centro asistencial. Indic\u00f3 que comenzara por el Norte donde la situaci\u00f3n de Tartagal es complicada raz\u00f3n por la cual se reunir\u00e1 con el gerente del hospital y directivos de cl\u00ednicas y sanatorios privados para trabajar en forma conjunta.<\/p>\n\n\n\n<p>Dijo que cuesta conseguir camas por lo que se utilizara la sala de Geriatr\u00eda del Hospital del Milagro, se ampliaran lugares en el Hospital O\u00f1ativia, se mejorara la log\u00edstica en el Centro de Convenciones y habr\u00e1 m\u00e1s lugares en el Hospital Papa Francisco, a lo que hay que agregarle las dos carpas montadas en el Hospital San Bernardo para la atenci\u00f3n de pacientes Covid.<\/p>\n\n\n\n<p>\u201cHemos cometido varios errores y ahora estamos pagando y las consecuencias\u201d, aseguro el flamante ministro.<\/p>\n\n\n\n<p>Reitero que es indispensable que cada uno sea responsable y aislarse para evitar que el virus se siga propagando porque esa es la \u00fanica forma de combatirlo.<\/p>\n\n\n\n<p>\u201cTodos somos responsables cuando alguien muere por falta de atenci\u00f3n, somos conscientes de la situaci\u00f3n y vamos a trabajar para evitar que estas cosas sucedan\u201d. <\/p>\n\n\n\n<p>Esteban&nbsp; sostuvo que &#8220;siempre he sido un defensor de la salud p\u00fablica y tengo la responsabilidad de que hagamos las cosas mejor, debemos trabajar al lado de los pacientes, al lado de los salte\u00f1os para evitar m\u00e1s contagios y muertes&#8221;.<\/p>\n\n\n\n<p>A su vez indic\u00f3 que&nbsp;reordenar\u00e1n la log\u00edstica de camas y de profesionales de la salud.&nbsp;&#8220;Estamos con un sistema pr\u00e1cticamente colapsado por el&nbsp;<a href=\"https:\/\/www.clarin.com\/coronavirus\" target=\"_blank\" rel=\"noreferrer noopener\">coronavirus<\/a>, lo he visto desde adentro, desde la trinchera&#8221;, manifest\u00f3.<\/p>\n\n\n\n<p>Recordemos que Esteban se caracteriz\u00f3 por ser un funcionario abierto a informar sobre la&nbsp;<a href=\"https:\/\/www.clarin.com\/tema\/pandemia.html\" target=\"_blank\" rel=\"noreferrer noopener\">pandemia<\/a>&nbsp;desde la aparici\u00f3n de los primeros casos y, en ese contexto, se vio envuelto en algunas pol\u00e9micas. A mediados de julio manifest\u00f3 que en la provincia hab\u00eda circulaci\u00f3n viral comunitaria y desde el COE desconocieron esas afirmaciones.<\/p>\n","protected":false},"excerpt":{"rendered":"<p>El flamante ministro de Salud P\u00fablica, Juan Jos\u00e9 Esteban asegur\u00f3 que los reactivos para los test son escasos y dif\u00edciles de conseguir y que el gobierno est\u00e1 haciendo todo lo posible para obtenerlos y mejorar la situaci\u00f3n. Indic\u00f3 que har\u00e1 funcionar el (COE) Comit\u00e9 Operativo de Emergencia convocando a gente que sabe y que conoce [&hellip;]<\/p>\n","protected":false},"author":2,"featured_media":5298,"comment_status":"open","ping_status":"open","sticky":false,"template":"","format":"standard","meta":{"tdm_status":"","tdm_grid_status":"","_joinchat":[],"footnotes":""},"categories":[69],"tags":[],"class_list":{"0":"post-5297","1":"post","2":"type-post","3":"status-publish","4":"format-standard","5":"has-post-thumbnail","7":"category-salta"},"amp_enabled":true,"_links":{"self":[{"href":"https:\/\/www.todoeldia.com\/index.php\/wp-json\/wp\/v2\/posts\/5297","targetHints":{"allow":["GET"]}}],"collection":[{"href":"https:\/\/www.todoeldia.com\/index.php\/wp-json\/wp\/v2\/posts"}],"about":[{"href":"https:\/\/www.todoeldia.com\/index.php\/wp-json\/wp\/v2\/types\/post"}],"author":[{"embeddable":true,"href":"https:\/\/www.todoeldia.com\/index.php\/wp-json\/wp\/v2\/users\/2"}],"replies":[{"embeddable":true,"href":"https:\/\/www.todoeldia.com\/index.php\/wp-json\/wp\/v2\/comments?post=5297"}],"version-history":[{"count":1,"href":"https:\/\/www.todoeldia.com\/index.php\/wp-json\/wp\/v2\/posts\/5297\/revisions"}],"predecessor-version":[{"id":5299,"href":"https:\/\/www.todoeldia.com\/index.php\/wp-json\/wp\/v2\/posts\/5297\/revisions\/5299"}],"wp:featuredmedia":[{"embeddable":true,"href":"https:\/\/www.todoeldia.com\/index.php\/wp-json\/wp\/v2\/media\/5298"}],"wp:attachment":[{"href":"https:\/\/www.todoeldia.com\/index.php\/wp-json\/wp\/v2\/media?parent=5297"}],"wp:term":[{"taxonomy":"category","embeddable":true,"href":"https:\/\/www.todoeldia.com\/index.php\/wp-json\/wp\/v2\/categories?post=5297"},{"taxonomy":"post_tag","embeddable":true,"href":"https:\/\/www.todoeldia.com\/index.php\/wp-json\/wp\/v2\/tags?post=5297"}],"curies":[{"name":"wp","href":"https:\/\/api.w.org\/{rel}","templated":true}]}}