{"id":52972,"date":"2023-02-05T19:00:58","date_gmt":"2023-02-05T22:00:58","guid":{"rendered":"https:\/\/www.todoeldia.com\/?p=52972"},"modified":"2023-02-05T19:00:59","modified_gmt":"2023-02-05T22:00:59","slug":"tension-en-jxc-gustavo-saenz-se-acerca-a-patricia-bullrich","status":"publish","type":"post","link":"https:\/\/www.todoeldia.com\/index.php\/2023\/02\/05\/tension-en-jxc-gustavo-saenz-se-acerca-a-patricia-bullrich\/","title":{"rendered":"Tensi\u00f3n en JxC: Gustavo S\u00e1enz se acerca a Patricia Bullrich"},"content":{"rendered":"\n<p>Los conflictos de la coalici\u00f3n en la provincia del norte se suman a los de al menos seis jurisdicciones en las que hay elecciones antes de las nacionales.<\/p>\n\n\n\n<p>Las fuertes internas en Juntos por el Cambio no ceden, lo que genera una gran preocupaci\u00f3n en la coalici\u00f3n de cara al a\u00f1o electoral. A los m\u00faltiples conflictos por los que atraviesa el frente opositor se suma otra pol\u00e9mica en Salta, por una reuni\u00f3n entre dirigentes que responden a la presidenta del PRO, Patricia Bullrich, y el gobernador, Gustavo S\u00e1enz. El jefe provincial es aliado del ministro de Econom\u00eda y l\u00edder del Frente Renovador, Sergio Massa, uno de los tres referentes de la coalici\u00f3n K.<\/p>\n\n\n\n<p>El 14 de mayo hay elecciones provinciales y municipales, y S\u00e1enz ir\u00e1 por la reelecci\u00f3n. Tendr\u00e1 enfrente a un peronismo dividido, adem\u00e1s de internas en Juntos por el Cambio. La coalici\u00f3n de la oposici\u00f3n tiene prevista una foto de unidad entre el PRO y la UCR, con los candidatos por la gobernaci\u00f3n de la UCR, Miguel \u00c1ngel Nanni, e In\u00e9s Liendo, referente del PRO en la provincia salte\u00f1a.<\/p>\n\n\n\n<p>La reciente difusi\u00f3n de un encuentro entre dirigentes que responden a Bullrich con el gobernador S\u00e1enz y allegados generaron un nuevo conflicto en la coalici\u00f3n de la oposici\u00f3n, que se suma a las peleas en al menos seis provincias en las que hay elecciones previas a las nacionales.<\/p>\n\n\n\n<p>El concejal del PRO de Salta Capital, Jos\u00e9 Gauffin, dijo que \u201csab\u00eda del almuerzo\u201d entre dirigentes cercanos a Bullrich con funcionarios provinciales pero evit\u00f3 dar detalles, al plantear que no sab\u00eda \u201cexactamente el tema que han tocado\u201d.<\/p>\n\n\n\n<p>Las versiones hablan de un almuerzo en la residencia oficial del gobernador entre S\u00e1enz, su ministro de Producci\u00f3n y Desarrollo Sustentable, Mart\u00edn de los R\u00edos, y dirigentes del PRO, el diputado nacional, Federico Angelini, y Alejandro \u00c1vila Gallo, cercanos a la precandidata presidencial.<\/p>\n\n\n\n<p>Aunque Gauffin se excus\u00f3 de dar precisiones de la reuni\u00f3n aclar\u00f3 que \u201cel PRO no podr\u00eda entrar al frente de S\u00e1enz, de ninguna manera, eso no es lo que se habla\u201d.<\/p>\n\n\n\n<p>En la principal coalici\u00f3n de la oposici\u00f3n hay malestar por la reuni\u00f3n de dirigentes bullrichistas con funcionarios provinciales como el propio gobernador, cercano a Massa, recriminaciones que suelen hacerle al jefe de gobierno porte\u00f1o, Horacio Rodr\u00edguez Larreta, como la l\u00edder de la Coalici\u00f3n C\u00edvica, Elisa Carri\u00f3, que dijo que la \u201cespanta\u201d el v\u00ednculo entre el mandatario porte\u00f1o y el ministro de Econom\u00eda.<\/p>\n","protected":false},"excerpt":{"rendered":"<p>Los conflictos de la coalici\u00f3n en la provincia del norte se suman a los de al menos seis jurisdicciones en las que hay elecciones antes de las nacionales. Las fuertes internas en Juntos por el Cambio no ceden, lo que genera una gran preocupaci\u00f3n en la coalici\u00f3n de cara al a\u00f1o electoral. A los m\u00faltiples [&hellip;]<\/p>\n","protected":false},"author":2,"featured_media":52973,"comment_status":"open","ping_status":"open","sticky":false,"template":"","format":"standard","meta":{"tdm_status":"","tdm_grid_status":"","_joinchat":[],"footnotes":""},"categories":[59],"tags":[],"class_list":{"0":"post-52972","1":"post","2":"type-post","3":"status-publish","4":"format-standard","5":"has-post-thumbnail","7":"category-politica"},"amp_enabled":true,"_links":{"self":[{"href":"https:\/\/www.todoeldia.com\/index.php\/wp-json\/wp\/v2\/posts\/52972","targetHints":{"allow":["GET"]}}],"collection":[{"href":"https:\/\/www.todoeldia.com\/index.php\/wp-json\/wp\/v2\/posts"}],"about":[{"href":"https:\/\/www.todoeldia.com\/index.php\/wp-json\/wp\/v2\/types\/post"}],"author":[{"embeddable":true,"href":"https:\/\/www.todoeldia.com\/index.php\/wp-json\/wp\/v2\/users\/2"}],"replies":[{"embeddable":true,"href":"https:\/\/www.todoeldia.com\/index.php\/wp-json\/wp\/v2\/comments?post=52972"}],"version-history":[{"count":1,"href":"https:\/\/www.todoeldia.com\/index.php\/wp-json\/wp\/v2\/posts\/52972\/revisions"}],"predecessor-version":[{"id":52974,"href":"https:\/\/www.todoeldia.com\/index.php\/wp-json\/wp\/v2\/posts\/52972\/revisions\/52974"}],"wp:featuredmedia":[{"embeddable":true,"href":"https:\/\/www.todoeldia.com\/index.php\/wp-json\/wp\/v2\/media\/52973"}],"wp:attachment":[{"href":"https:\/\/www.todoeldia.com\/index.php\/wp-json\/wp\/v2\/media?parent=52972"}],"wp:term":[{"taxonomy":"category","embeddable":true,"href":"https:\/\/www.todoeldia.com\/index.php\/wp-json\/wp\/v2\/categories?post=52972"},{"taxonomy":"post_tag","embeddable":true,"href":"https:\/\/www.todoeldia.com\/index.php\/wp-json\/wp\/v2\/tags?post=52972"}],"curies":[{"name":"wp","href":"https:\/\/api.w.org\/{rel}","templated":true}]}}