{"id":53076,"date":"2023-02-07T11:55:43","date_gmt":"2023-02-07T14:55:43","guid":{"rendered":"https:\/\/www.todoeldia.com\/?p=53076"},"modified":"2023-02-07T11:55:45","modified_gmt":"2023-02-07T14:55:45","slug":"poco-turismo-cafayate-cerro-enero-con-bajo-nivel-de-ocupacion-hotelera","status":"publish","type":"post","link":"https:\/\/www.todoeldia.com\/index.php\/2023\/02\/07\/poco-turismo-cafayate-cerro-enero-con-bajo-nivel-de-ocupacion-hotelera\/","title":{"rendered":"Poco turismo: Cafayate cerr\u00f3 enero con bajo nivel de ocupaci\u00f3n hotelera"},"content":{"rendered":"\n<p>Sebasti\u00e1n Pizarro, miembro de la C\u00e1mara de Turismo de Cafayate se manifest\u00f3 en RM sobre el porcentaje bajo de ocupaci\u00f3n qu\u00e9 tuvo la ciudad en el primer mes del a\u00f1o.<\/p>\n\n\n\n<p>&#8220;Las estad\u00edsticas no est\u00e1n equivocadas, est\u00e1 siendo una temporada distinta con poca afluencia de turistas, en este primer mes hemos rondado entre el 40 a 50% de ocupaci\u00f3n, cuando est\u00e1bamos acostumbrados a un 70 o 80%&#8221;, declar\u00f3.<\/p>\n\n\n\n<p>De esta manera el saldo es negativo y el panorama para febrero no es muy alentador, &#8220;el nivel de reservas que vamos teniendo son bajos, salvo los d\u00edas de serenata, pero por ejemplo fin de semana de carnaval no hay porcentajes positivos&#8221;.<\/p>\n\n\n\n<p>Sobre los factores que podr\u00edan haber influido respondi\u00f3, &#8220;podr\u00eda ser la situaci\u00f3n econ\u00f3mica del pa\u00eds o los factores clim\u00e1ticos y el estado de las rutas&#8221;.<\/p>\n\n\n\n<p>La C\u00e1mara que nuclea a los empresarios que trabajan con el turismo en Cafayate se encuentra a la espera de su personer\u00eda jur\u00eddica, pero ya se habr\u00edan solicitado reuniones con autoridades provinciales a fin de trabajar en conjunto y analizar la situaci\u00f3n.<\/p>\n\n\n\n<p>FM Intensidad Cafayate<\/p>\n","protected":false},"excerpt":{"rendered":"<p>Sebasti\u00e1n Pizarro, miembro de la C\u00e1mara de Turismo de Cafayate se manifest\u00f3 en RM sobre el porcentaje bajo de ocupaci\u00f3n qu\u00e9 tuvo la ciudad en el primer mes del a\u00f1o. &#8220;Las estad\u00edsticas no est\u00e1n equivocadas, est\u00e1 siendo una temporada distinta con poca afluencia de turistas, en este primer mes hemos rondado entre el 40 a [&hellip;]<\/p>\n","protected":false},"author":2,"featured_media":53077,"comment_status":"open","ping_status":"open","sticky":false,"template":"","format":"standard","meta":{"tdm_status":"","tdm_grid_status":"","_joinchat":[],"footnotes":""},"categories":[60],"tags":[],"class_list":{"0":"post-53076","1":"post","2":"type-post","3":"status-publish","4":"format-standard","5":"has-post-thumbnail","7":"category-economia"},"amp_enabled":true,"_links":{"self":[{"href":"https:\/\/www.todoeldia.com\/index.php\/wp-json\/wp\/v2\/posts\/53076","targetHints":{"allow":["GET"]}}],"collection":[{"href":"https:\/\/www.todoeldia.com\/index.php\/wp-json\/wp\/v2\/posts"}],"about":[{"href":"https:\/\/www.todoeldia.com\/index.php\/wp-json\/wp\/v2\/types\/post"}],"author":[{"embeddable":true,"href":"https:\/\/www.todoeldia.com\/index.php\/wp-json\/wp\/v2\/users\/2"}],"replies":[{"embeddable":true,"href":"https:\/\/www.todoeldia.com\/index.php\/wp-json\/wp\/v2\/comments?post=53076"}],"version-history":[{"count":1,"href":"https:\/\/www.todoeldia.com\/index.php\/wp-json\/wp\/v2\/posts\/53076\/revisions"}],"predecessor-version":[{"id":53078,"href":"https:\/\/www.todoeldia.com\/index.php\/wp-json\/wp\/v2\/posts\/53076\/revisions\/53078"}],"wp:featuredmedia":[{"embeddable":true,"href":"https:\/\/www.todoeldia.com\/index.php\/wp-json\/wp\/v2\/media\/53077"}],"wp:attachment":[{"href":"https:\/\/www.todoeldia.com\/index.php\/wp-json\/wp\/v2\/media?parent=53076"}],"wp:term":[{"taxonomy":"category","embeddable":true,"href":"https:\/\/www.todoeldia.com\/index.php\/wp-json\/wp\/v2\/categories?post=53076"},{"taxonomy":"post_tag","embeddable":true,"href":"https:\/\/www.todoeldia.com\/index.php\/wp-json\/wp\/v2\/tags?post=53076"}],"curies":[{"name":"wp","href":"https:\/\/api.w.org\/{rel}","templated":true}]}}