{"id":53079,"date":"2023-02-07T12:04:38","date_gmt":"2023-02-07T15:04:38","guid":{"rendered":"https:\/\/www.todoeldia.com\/?p=53079"},"modified":"2023-02-07T12:04:48","modified_gmt":"2023-02-07T15:04:48","slug":"polemica-y-criticas-por-un-cartel-en-metan-primero-que-limpien-y-arreglen-las-calles","status":"publish","type":"post","link":"https:\/\/www.todoeldia.com\/index.php\/2023\/02\/07\/polemica-y-criticas-por-un-cartel-en-metan-primero-que-limpien-y-arreglen-las-calles\/","title":{"rendered":"Pol\u00e9mica y criticas por un cartel en Metan: \u201cprimero que limpien y arreglen las calles"},"content":{"rendered":"\n<p>Vecinos de diferentes barrios de nuestra ciudad a\u00fan no salen del asombro con la obra recientemente inaugurada en el acceso sur de Met\u00e1n, se trata de un nuevo cartel fotogr\u00e1fico con un tama\u00f1o importante, que en un principio fue aceptado de buena manera en la comunidad.<\/p>\n\n\n\n<p>Con el paso de las horas hubo varios vecinos que expresaron su disconformidad con \u00e9sta obra, manifestando que era un gasto totalmente innecesario cuando hay otros problemas por solucionar en la ciudad al cu\u00e1les hicieron referencia en las redes sociales; &#8220;Porque no sorprenden alg\u00fan d\u00eda con la limpieza y rellenando las calles que son un desastre&#8221;, &#8220;Cosas intrascendentes, tantos problemas que hay en el municipio de necesidades esenciales, no digo que no est\u00e1 bello, pero hay que empezar a establecer prioridades&#8221;, &#8220;Muy lindas las letritas, obvio que lo hacen por el Festimiel, pero ser\u00eda lindo que arreglen las calles que est\u00e1n llenas de pozos y creen que pintando con aerosol solucionan todo, sin obviar que te destrozan el veh\u00edculo&#8221;, fueron algunos de los tantos comentarios que se realizaron.<\/p>\n\n\n\n<p>Si bien hubo varios comentarios en relaci\u00f3n al tema de la iluminaci\u00f3n, limpieza de los espacios verdes, la problem\u00e1tica del agua, el mal estado de las calles, fue el punto central de los reclamos.<\/p>\n\n\n\n<p>Acerca del cartel fotogr\u00e1fico; &#8220;El nuevo cartel fotogr\u00e1fico mide cuatro metros, son unas letras corporales que forman el nombre de nuestra ciudad que se mandaron hacer, nosotros ya hab\u00edamos avanzado con la plataforma e instalaciones el\u00e9ctrica para cuando nos llegue lo solicitado ir a instalarlo. Est\u00e1 es una obra que tiene diferentes etapas la cu\u00e1l fue financiada por el gobierno de la provincia, y en esta ocasi\u00f3n ya pusimos en funcionamiento la etapa que era lo del cartel fotogr\u00e1fico, y con el resto de las etapas vamos a ir avanzando de a poco&#8221; expres\u00f3 el arquitecto H\u00e9ctor Varela, responsable de la Subsecretar\u00eda de Obras P\u00fablicas del municipio.<\/p>\n\n\n\n<p>El Vocero de Metan<\/p>\n","protected":false},"excerpt":{"rendered":"<p>Vecinos de diferentes barrios de nuestra ciudad a\u00fan no salen del asombro con la obra recientemente inaugurada en el acceso sur de Met\u00e1n, se trata de un nuevo cartel fotogr\u00e1fico con un tama\u00f1o importante, que en un principio fue aceptado de buena manera en la comunidad. Con el paso de las horas hubo varios vecinos [&hellip;]<\/p>\n","protected":false},"author":2,"featured_media":53080,"comment_status":"open","ping_status":"open","sticky":false,"template":"","format":"standard","meta":{"tdm_status":"","tdm_grid_status":"","_joinchat":[],"footnotes":""},"categories":[73],"tags":[],"class_list":{"0":"post-53079","1":"post","2":"type-post","3":"status-publish","4":"format-standard","5":"has-post-thumbnail","7":"category-noticias-general"},"amp_enabled":true,"_links":{"self":[{"href":"https:\/\/www.todoeldia.com\/index.php\/wp-json\/wp\/v2\/posts\/53079","targetHints":{"allow":["GET"]}}],"collection":[{"href":"https:\/\/www.todoeldia.com\/index.php\/wp-json\/wp\/v2\/posts"}],"about":[{"href":"https:\/\/www.todoeldia.com\/index.php\/wp-json\/wp\/v2\/types\/post"}],"author":[{"embeddable":true,"href":"https:\/\/www.todoeldia.com\/index.php\/wp-json\/wp\/v2\/users\/2"}],"replies":[{"embeddable":true,"href":"https:\/\/www.todoeldia.com\/index.php\/wp-json\/wp\/v2\/comments?post=53079"}],"version-history":[{"count":1,"href":"https:\/\/www.todoeldia.com\/index.php\/wp-json\/wp\/v2\/posts\/53079\/revisions"}],"predecessor-version":[{"id":53081,"href":"https:\/\/www.todoeldia.com\/index.php\/wp-json\/wp\/v2\/posts\/53079\/revisions\/53081"}],"wp:featuredmedia":[{"embeddable":true,"href":"https:\/\/www.todoeldia.com\/index.php\/wp-json\/wp\/v2\/media\/53080"}],"wp:attachment":[{"href":"https:\/\/www.todoeldia.com\/index.php\/wp-json\/wp\/v2\/media?parent=53079"}],"wp:term":[{"taxonomy":"category","embeddable":true,"href":"https:\/\/www.todoeldia.com\/index.php\/wp-json\/wp\/v2\/categories?post=53079"},{"taxonomy":"post_tag","embeddable":true,"href":"https:\/\/www.todoeldia.com\/index.php\/wp-json\/wp\/v2\/tags?post=53079"}],"curies":[{"name":"wp","href":"https:\/\/api.w.org\/{rel}","templated":true}]}}