{"id":5311,"date":"2020-09-10T09:58:03","date_gmt":"2020-09-10T12:58:03","guid":{"rendered":"https:\/\/www.todoeldia.com\/?p=5311"},"modified":"2020-09-10T09:58:04","modified_gmt":"2020-09-10T12:58:04","slug":"fallecio-esta-manana-ucucha-franco-de-las-voces-de-oran","status":"publish","type":"post","link":"https:\/\/www.todoeldia.com\/index.php\/2020\/09\/10\/fallecio-esta-manana-ucucha-franco-de-las-voces-de-oran\/","title":{"rendered":"Falleci\u00f3 esta ma\u00f1ana \u201cUcucha\u201d Franco de Las Voces de Or\u00e1n"},"content":{"rendered":"\n<p>En horas de la madrugada falleci\u00f3 Roberto \u201cUcucha\u201d Franco, m\u00fasico y fundador de las legendarias Voces de Or\u00e1n. El mismo se encontraba internado luego de dar positivo de coronavirus.<\/p>\n\n\n\n<p>Ayer su hija relataba en redes sociales que su padre no pod\u00eda recibir plasma, \u201cNo logro entender porque no puede recibir plasma, dijeron porque es un paciente fr\u00e1gil. \u00bfTenemos que esperar que se ponga grave?\u201d.<\/p>\n\n\n\n<p>\u201cUcucha\u201d fue parte de Las Voces del R\u00edo Blanco, Las Voces Del Norte, Los Changos de All\u00e1, Los Salte\u00f1os, Las Voces del Zenta, que los llevara hasta marcar lo que por mucho tiempo serian Las Voces de Or\u00e1n, all\u00e1 por 1969, por sugerencia de C\u00e1ceres Cano y luego por el representante cordob\u00e9s Carlos Abrate, quienes suger\u00eda ese nombre al grupo integrado entonces tambi\u00e9n por Federico C\u00f3rdoba y \u201cPit\u00edn\u201d Zalazar.<\/p>\n\n\n\n<p>Adem\u00e1s, fue electo concejal de la ciudad de Or\u00e1n para el periodo 2.015-2.017<\/p>\n\n\n\n<p>Cerca de las 5 de la ma\u00f1ana se inform\u00f3 que \u201cUcucha\u201d ya no pudo resistir la lucha que ven\u00eda sosteniendo contra el Covid la pele\u00f3 hasta el final internado en el Hospital San Vicente de Paul.<\/p>\n","protected":false},"excerpt":{"rendered":"<p>En horas de la madrugada falleci\u00f3 Roberto \u201cUcucha\u201d Franco, m\u00fasico y fundador de las legendarias Voces de Or\u00e1n. El mismo se encontraba internado luego de dar positivo de coronavirus. Ayer su hija relataba en redes sociales que su padre no pod\u00eda recibir plasma, \u201cNo logro entender porque no puede recibir plasma, dijeron porque es un [&hellip;]<\/p>\n","protected":false},"author":2,"featured_media":5312,"comment_status":"open","ping_status":"open","sticky":false,"template":"","format":"standard","meta":{"tdm_status":"","tdm_grid_status":"","_joinchat":[],"footnotes":""},"categories":[69],"tags":[],"class_list":{"0":"post-5311","1":"post","2":"type-post","3":"status-publish","4":"format-standard","5":"has-post-thumbnail","7":"category-salta"},"amp_enabled":true,"_links":{"self":[{"href":"https:\/\/www.todoeldia.com\/index.php\/wp-json\/wp\/v2\/posts\/5311","targetHints":{"allow":["GET"]}}],"collection":[{"href":"https:\/\/www.todoeldia.com\/index.php\/wp-json\/wp\/v2\/posts"}],"about":[{"href":"https:\/\/www.todoeldia.com\/index.php\/wp-json\/wp\/v2\/types\/post"}],"author":[{"embeddable":true,"href":"https:\/\/www.todoeldia.com\/index.php\/wp-json\/wp\/v2\/users\/2"}],"replies":[{"embeddable":true,"href":"https:\/\/www.todoeldia.com\/index.php\/wp-json\/wp\/v2\/comments?post=5311"}],"version-history":[{"count":1,"href":"https:\/\/www.todoeldia.com\/index.php\/wp-json\/wp\/v2\/posts\/5311\/revisions"}],"predecessor-version":[{"id":5313,"href":"https:\/\/www.todoeldia.com\/index.php\/wp-json\/wp\/v2\/posts\/5311\/revisions\/5313"}],"wp:featuredmedia":[{"embeddable":true,"href":"https:\/\/www.todoeldia.com\/index.php\/wp-json\/wp\/v2\/media\/5312"}],"wp:attachment":[{"href":"https:\/\/www.todoeldia.com\/index.php\/wp-json\/wp\/v2\/media?parent=5311"}],"wp:term":[{"taxonomy":"category","embeddable":true,"href":"https:\/\/www.todoeldia.com\/index.php\/wp-json\/wp\/v2\/categories?post=5311"},{"taxonomy":"post_tag","embeddable":true,"href":"https:\/\/www.todoeldia.com\/index.php\/wp-json\/wp\/v2\/tags?post=5311"}],"curies":[{"name":"wp","href":"https:\/\/api.w.org\/{rel}","templated":true}]}}