{"id":5314,"date":"2020-09-10T10:33:21","date_gmt":"2020-09-10T13:33:21","guid":{"rendered":"https:\/\/www.todoeldia.com\/?p=5314"},"modified":"2020-09-10T10:33:22","modified_gmt":"2020-09-10T13:33:22","slug":"dura-carta-del-cura-abram-a-cargnello-y-al-gobierno-de-salta","status":"publish","type":"post","link":"https:\/\/www.todoeldia.com\/index.php\/2020\/09\/10\/dura-carta-del-cura-abram-a-cargnello-y-al-gobierno-de-salta\/","title":{"rendered":"Dura carta del cura Abram a Cargnello y al Gobierno de Salta"},"content":{"rendered":"\n<p>El responsable de la Iglesia Le\u00f3n XIII, Alberto Julio Abram le solicito al arzobispo, Monse\u00f1or Mario Cargnello que \u201cno ceda a las presiones del gobierno para clausurarnos tambi\u00e9n el Milagro; se han pasado seis meses sin hacer nada. Han malgastado la plata que le han enviado para reforzar el sistema de salud&#8221;.<\/p>\n\n\n\n<p>El cura mezcla el Milagro, la pandemia, con los recursos que el gobierno, seg\u00fan \u00e9l ha malgastado\u00a0y advierte no sobre los riesgos del coronavirus, sino de supuestos enemigos que supuestamente vienen contra la Iglesia Cat\u00f3lica.<\/p>\n\n\n\n<p>Dice que Salta tiene desde hace rato una Salud P\u00fablica abandonada&nbsp;&#8220;en una provincia gobernada por los mismos que se cambian de color qu\u00e9 se ponen amarillo naranja o celeste, seg\u00fan les convenga&#8221;.<\/p>\n\n\n\n<p>Le advierte a Cargnello que&nbsp;\u201cEl Milagro no es de su propiedad, ni del gobierno, y que no puede tomar esta resoluci\u00f3n sin consultar a todo el clero\u201d. Agrega que \u201cya demasiado da\u00f1o le hemos hecho al Milagro y a la Fe: hemos perdido la ense\u00f1anza religiosa en las escuelas; hemos perdido la peregrinaci\u00f3n de las escuelas a la Catedral; hemos perdido el valioso aporte cultural y religioso de la novena original por una traducci\u00f3n mal hecha, que Ud. se empe\u00f1a en mantener; hemos perdido la Misa del Se\u00f1or y la Virgen del Milagro en el Misal, mientras se colocan y se agregan cualquier advocaci\u00f3n, y ahora estamos perdiendo la posibilidad de celebrar el Milagro\u201d.<\/p>\n\n\n\n<p>Abram pide que el d\u00eda 15, \u201csaquemos las im\u00e1genes con las calles valladas, pidi\u00e9ndole a la gente que se quede en sus casas, como en Catamarca, y delante de nuestra Catedral los sacerdotes que podamos ir, renovemos nuestro pacto de fidelidad y Usted hable como centinela del pueblo de Salta\u201d.<\/p>\n\n\n\n<p>&#8220;No seamos ingenuos, la intencionalidad no es s\u00f3lo la salud, la intencionalidad es dar un golpe mortal a la cabeza de la Fe de Salta, de all\u00ed el silencio c\u00f3mplice de tantos que est\u00e1n en contra de la Fe y a favor del aborto. Y que hoy est\u00e1n agazapados viendo c\u00f3mo nosotros nos rendimos ante los embates del autoritarismo gubernamental&#8221;.<\/p>\n\n\n\n<p>Seg\u00fan el Cura &#8220;el problema de contagio que estamos sufriendo ahora no es por la Iglesia ni por el Milagro, es por el D\u00eda del Amigo, del D\u00eda del Padre y el D\u00eda del Ni\u00f1o, que fueron un descontrol, y por todos los subsidios que son un descontrol en su cobro en el centro y los bancos no se cierran&#8221;.&nbsp;<\/p>\n\n\n\n<p>Agrega que &#8220;la Catedral ha hecho todos los esfuerzos para mantener el distanciamiento social, no es la Catedral ni las iglesias las que contagian, el s\u00faper est\u00e1 lleno y es m\u00e1s chico que la Catedral&#8221;.<\/p>\n\n\n\n<p>En otra parte de su escrito, le recuerda la pol\u00e9mica del a\u00f1o pasado con el entonces presidente Macri:&nbsp;&#8220;usted le dijo al presidente el a\u00f1o pasado que se lleve el rostro de los pobres y que haga algo por los pobres \u00bfy a estos que le dice?&#8221;,&nbsp;le pregunta. Y olvid\u00e1ndose de las ense\u00f1anzas monasteriales, se la agarra con&nbsp;&#8220;los obispos, los que los han hecho ganar, los villeros, porque ahora hay m\u00e1s de 50% de pobres. Mientras la UCA minti\u00f3 el porcentaje de pobres el a\u00f1o pasado para hacer ganar a estos delincuentes&#8221;.<\/p>\n\n\n\n<p>Y para remarcar que no hay peligro de contagio en los ritos del Milagro, insiste en que&nbsp;&#8220;la Catedral se ha preparado. \u00a1Qu\u00e9 m\u00e1s puede hacer la Catedral! \u00a1Qu\u00e9 m\u00e1s podemos hacer las parroquias! Hemos hecho mucho m\u00e1s que el gobierno, que para solucionar los problemas de sanitizaci\u00f3n, le manda un litro de lavandina a las escuelas y a los hospitales&#8221;.&nbsp;Insiste en que el pr\u00f3ximo 15 de setiembre debe haber una procesi\u00f3n para unos cuantos elegidos, y le advierte a Cargnello sobre&nbsp;&#8220;un bochorno internacional lo que est\u00e1 haciendo la Argentina y es una verg\u00fcenza lo que ha hecho Salta, no seamos c\u00f3mplices, la historia nos va a juzgar, lo va a juzgar&#8221;.<\/p>\n\n\n\n<p>Evidentemente, el padre Abram en su af\u00e1n por minimizar los riesgos de la pandemia y buscar demonios cercanos se olvid\u00f3 de una tradicional ense\u00f1anza de la tradici\u00f3n religiosa local: setiembre &#8220;el mes del amor, el mes del milagro&#8221;. Lamentable, tango fanatismo. (O.B.)<\/p>\n\n\n\n<p><strong>EL EXPRESO DE SALTA<\/strong><\/p>\n","protected":false},"excerpt":{"rendered":"<p>El responsable de la Iglesia Le\u00f3n XIII, Alberto Julio Abram le solicito al arzobispo, Monse\u00f1or Mario Cargnello que \u201cno ceda a las presiones del gobierno para clausurarnos tambi\u00e9n el Milagro; se han pasado seis meses sin hacer nada. Han malgastado la plata que le han enviado para reforzar el sistema de salud&#8221;. El cura mezcla [&hellip;]<\/p>\n","protected":false},"author":2,"featured_media":5319,"comment_status":"open","ping_status":"open","sticky":false,"template":"","format":"standard","meta":{"tdm_status":"","tdm_grid_status":"","_joinchat":[],"footnotes":""},"categories":[69],"tags":[],"class_list":{"0":"post-5314","1":"post","2":"type-post","3":"status-publish","4":"format-standard","5":"has-post-thumbnail","7":"category-salta"},"amp_enabled":true,"_links":{"self":[{"href":"https:\/\/www.todoeldia.com\/index.php\/wp-json\/wp\/v2\/posts\/5314","targetHints":{"allow":["GET"]}}],"collection":[{"href":"https:\/\/www.todoeldia.com\/index.php\/wp-json\/wp\/v2\/posts"}],"about":[{"href":"https:\/\/www.todoeldia.com\/index.php\/wp-json\/wp\/v2\/types\/post"}],"author":[{"embeddable":true,"href":"https:\/\/www.todoeldia.com\/index.php\/wp-json\/wp\/v2\/users\/2"}],"replies":[{"embeddable":true,"href":"https:\/\/www.todoeldia.com\/index.php\/wp-json\/wp\/v2\/comments?post=5314"}],"version-history":[{"count":2,"href":"https:\/\/www.todoeldia.com\/index.php\/wp-json\/wp\/v2\/posts\/5314\/revisions"}],"predecessor-version":[{"id":5320,"href":"https:\/\/www.todoeldia.com\/index.php\/wp-json\/wp\/v2\/posts\/5314\/revisions\/5320"}],"wp:featuredmedia":[{"embeddable":true,"href":"https:\/\/www.todoeldia.com\/index.php\/wp-json\/wp\/v2\/media\/5319"}],"wp:attachment":[{"href":"https:\/\/www.todoeldia.com\/index.php\/wp-json\/wp\/v2\/media?parent=5314"}],"wp:term":[{"taxonomy":"category","embeddable":true,"href":"https:\/\/www.todoeldia.com\/index.php\/wp-json\/wp\/v2\/categories?post=5314"},{"taxonomy":"post_tag","embeddable":true,"href":"https:\/\/www.todoeldia.com\/index.php\/wp-json\/wp\/v2\/tags?post=5314"}],"curies":[{"name":"wp","href":"https:\/\/api.w.org\/{rel}","templated":true}]}}