{"id":53374,"date":"2023-02-11T10:55:46","date_gmt":"2023-02-11T13:55:46","guid":{"rendered":"https:\/\/www.todoeldia.com\/?p=53374"},"modified":"2023-02-11T10:55:47","modified_gmt":"2023-02-11T13:55:47","slug":"un-omnibus-de-larga-distancia-choco-de-atras-a-un-camion-murio-un-chofer-y-7-pasajeros-heridos","status":"publish","type":"post","link":"https:\/\/www.todoeldia.com\/index.php\/2023\/02\/11\/un-omnibus-de-larga-distancia-choco-de-atras-a-un-camion-murio-un-chofer-y-7-pasajeros-heridos\/","title":{"rendered":"Un \u00f3mnibus de larga distancia choco de atr\u00e1s a un cami\u00f3n: muri\u00f3 un chofer y 7 pasajeros heridos"},"content":{"rendered":"\n<p>Anoche cerca de 21, un llamado al Sistema de Emergencias 911 alert\u00f3 sobre un siniestro vial ocurrido sobre ruta nacional 9\/34 cerca de Lumbreras.<\/p>\n\n\n\n<p>De inmediato se comisionaron recursos al lugar, constatando que el siniestro se habr\u00eda producido a la altura del kil\u00f3metro 1406, donde por motivos que se buscan establecer un colectivo de larga distancia con 55 pasajeros colision\u00f3 desde atr\u00e1s con un cami\u00f3n que circulaba en el mismo sentido.<\/p>\n\n\n\n<p>Producto del impacto, siete pasajeros resultaron lesionados, por lo que fueron asistidos por personal de salud y trasladados al hospital de Metan. Posteriormente informan desde la guardia del ese nosocomio el deceso de uno de los pacientes, un hombre mayor de edad que oficiaba de chofer auxiliar en la unidad de transporte de pasajeros.<\/p>\n\n\n\n<p>En el lugar trabaj\u00f3 personal de Criminal\u00edstica para documentar el hecho y determinar las causas que desencadenaron el siniestro, mientras que personal de la Direcci\u00f3n General de Seguridad Vial brind\u00f3 apoyo para conducir el tr\u00e1nsito y prevenir nuevos siniestros mientras los profesionales trabajaban en el lugar.<\/p>\n","protected":false},"excerpt":{"rendered":"<p>Anoche cerca de 21, un llamado al Sistema de Emergencias 911 alert\u00f3 sobre un siniestro vial ocurrido sobre ruta nacional 9\/34 cerca de Lumbreras. De inmediato se comisionaron recursos al lugar, constatando que el siniestro se habr\u00eda producido a la altura del kil\u00f3metro 1406, donde por motivos que se buscan establecer un colectivo de larga [&hellip;]<\/p>\n","protected":false},"author":2,"featured_media":53375,"comment_status":"open","ping_status":"open","sticky":false,"template":"","format":"standard","meta":{"tdm_status":"","tdm_grid_status":"","_joinchat":[],"footnotes":""},"categories":[63],"tags":[],"class_list":{"0":"post-53374","1":"post","2":"type-post","3":"status-publish","4":"format-standard","5":"has-post-thumbnail","7":"category-policiales"},"amp_enabled":true,"_links":{"self":[{"href":"https:\/\/www.todoeldia.com\/index.php\/wp-json\/wp\/v2\/posts\/53374","targetHints":{"allow":["GET"]}}],"collection":[{"href":"https:\/\/www.todoeldia.com\/index.php\/wp-json\/wp\/v2\/posts"}],"about":[{"href":"https:\/\/www.todoeldia.com\/index.php\/wp-json\/wp\/v2\/types\/post"}],"author":[{"embeddable":true,"href":"https:\/\/www.todoeldia.com\/index.php\/wp-json\/wp\/v2\/users\/2"}],"replies":[{"embeddable":true,"href":"https:\/\/www.todoeldia.com\/index.php\/wp-json\/wp\/v2\/comments?post=53374"}],"version-history":[{"count":1,"href":"https:\/\/www.todoeldia.com\/index.php\/wp-json\/wp\/v2\/posts\/53374\/revisions"}],"predecessor-version":[{"id":53376,"href":"https:\/\/www.todoeldia.com\/index.php\/wp-json\/wp\/v2\/posts\/53374\/revisions\/53376"}],"wp:featuredmedia":[{"embeddable":true,"href":"https:\/\/www.todoeldia.com\/index.php\/wp-json\/wp\/v2\/media\/53375"}],"wp:attachment":[{"href":"https:\/\/www.todoeldia.com\/index.php\/wp-json\/wp\/v2\/media?parent=53374"}],"wp:term":[{"taxonomy":"category","embeddable":true,"href":"https:\/\/www.todoeldia.com\/index.php\/wp-json\/wp\/v2\/categories?post=53374"},{"taxonomy":"post_tag","embeddable":true,"href":"https:\/\/www.todoeldia.com\/index.php\/wp-json\/wp\/v2\/tags?post=53374"}],"curies":[{"name":"wp","href":"https:\/\/api.w.org\/{rel}","templated":true}]}}