{"id":5361,"date":"2020-09-10T18:05:27","date_gmt":"2020-09-10T21:05:27","guid":{"rendered":"https:\/\/www.todoeldia.com\/?p=5361"},"modified":"2020-09-10T18:07:08","modified_gmt":"2020-09-10T21:07:08","slug":"el-senado-provincial-prorrogo-la-emergencia-sanitaria-por-6-meses-y-le-saco-superpoderes-a-la-policia","status":"publish","type":"post","link":"https:\/\/www.todoeldia.com\/index.php\/2020\/09\/10\/el-senado-provincial-prorrogo-la-emergencia-sanitaria-por-6-meses-y-le-saco-superpoderes-a-la-policia\/","title":{"rendered":"El Senado Provincial prorrog\u00f3 la emergencia sanitaria por 6 meses y le sac\u00f3 superpoderes a la Polic\u00eda"},"content":{"rendered":"\n<p>El Senado de la Provincia aprob\u00f3 el proyecto de Ley por el cual se prorrogo por 6 meses la Ley de emergencia sanitaria, amplio la integraci\u00f3n del Comit\u00e9 Operativo de Emergencias (COE) y establece el R\u00e9gimen Excepcional Contravencional para la pandemia del Covid-19.&nbsp;<\/p>\n\n\n\n<p>En lo que respecta al COE establece su ampliaci\u00f3n con representantes de diversos sectores p\u00fablicos y privados.<\/p>\n\n\n\n<p>Y en el nuevo R\u00e9gimen Contravencional se ajusta la aplicaci\u00f3n excepcional de sanciones que tengan que ver con el incumplimiento de las medidas sanitarias.<\/p>\n\n\n\n<p>En esta parte de la ley se establecen diferentes y numerosas sanciones para las infracciones e incluye el decomiso de veh\u00edculos, cuyas disposiciones estar\u00e1n a cargo ahora de un juez de garant\u00edas y ya no del Jefe de la Polic\u00eda provincial.<\/p>\n\n\n\n<p>Asimismo, se aprob\u00f3 el Proyecto de Ley en Revisi\u00f3n, por el cual se autoriza al Poder Ejecutivo a suscribir el Contrato de Pr\u00e9stamo con el Fondo Financiero para el Desarrollo de la Cuenca del Plata -FONPLATA con destino a la ejecuci\u00f3n del Proyecto denominado: \u201cAmpliaci\u00f3n y Refuncionalizaci\u00f3n del Hospital San Bernardo\u201d.<\/p>\n","protected":false},"excerpt":{"rendered":"<p>El Senado de la Provincia aprob\u00f3 el proyecto de Ley por el cual se prorrogo por 6 meses la Ley de emergencia sanitaria, amplio la integraci\u00f3n del Comit\u00e9 Operativo de Emergencias (COE) y establece el R\u00e9gimen Excepcional Contravencional para la pandemia del Covid-19.&nbsp; En lo que respecta al COE establece su ampliaci\u00f3n con representantes de [&hellip;]<\/p>\n","protected":false},"author":2,"featured_media":5365,"comment_status":"open","ping_status":"open","sticky":false,"template":"","format":"standard","meta":{"tdm_status":"","tdm_grid_status":"","_joinchat":[],"footnotes":""},"categories":[69],"tags":[],"class_list":{"0":"post-5361","1":"post","2":"type-post","3":"status-publish","4":"format-standard","5":"has-post-thumbnail","7":"category-salta"},"amp_enabled":true,"_links":{"self":[{"href":"https:\/\/www.todoeldia.com\/index.php\/wp-json\/wp\/v2\/posts\/5361","targetHints":{"allow":["GET"]}}],"collection":[{"href":"https:\/\/www.todoeldia.com\/index.php\/wp-json\/wp\/v2\/posts"}],"about":[{"href":"https:\/\/www.todoeldia.com\/index.php\/wp-json\/wp\/v2\/types\/post"}],"author":[{"embeddable":true,"href":"https:\/\/www.todoeldia.com\/index.php\/wp-json\/wp\/v2\/users\/2"}],"replies":[{"embeddable":true,"href":"https:\/\/www.todoeldia.com\/index.php\/wp-json\/wp\/v2\/comments?post=5361"}],"version-history":[{"count":1,"href":"https:\/\/www.todoeldia.com\/index.php\/wp-json\/wp\/v2\/posts\/5361\/revisions"}],"predecessor-version":[{"id":5364,"href":"https:\/\/www.todoeldia.com\/index.php\/wp-json\/wp\/v2\/posts\/5361\/revisions\/5364"}],"wp:featuredmedia":[{"embeddable":true,"href":"https:\/\/www.todoeldia.com\/index.php\/wp-json\/wp\/v2\/media\/5365"}],"wp:attachment":[{"href":"https:\/\/www.todoeldia.com\/index.php\/wp-json\/wp\/v2\/media?parent=5361"}],"wp:term":[{"taxonomy":"category","embeddable":true,"href":"https:\/\/www.todoeldia.com\/index.php\/wp-json\/wp\/v2\/categories?post=5361"},{"taxonomy":"post_tag","embeddable":true,"href":"https:\/\/www.todoeldia.com\/index.php\/wp-json\/wp\/v2\/tags?post=5361"}],"curies":[{"name":"wp","href":"https:\/\/api.w.org\/{rel}","templated":true}]}}