{"id":5368,"date":"2020-09-10T18:26:42","date_gmt":"2020-09-10T21:26:42","guid":{"rendered":"https:\/\/www.todoeldia.com\/?p=5368"},"modified":"2020-09-10T18:36:56","modified_gmt":"2020-09-10T21:36:56","slug":"el-gobierno-sumo-a-los-gobernadores-apoyando-la-quita-de-coparticipacion-a-larreta","status":"publish","type":"post","link":"https:\/\/www.todoeldia.com\/index.php\/2020\/09\/10\/el-gobierno-sumo-a-los-gobernadores-apoyando-la-quita-de-coparticipacion-a-larreta\/","title":{"rendered":"El Gobierno sum\u00f3 a los gobernadores apoyando la quita de coparticipaci\u00f3n a Larreta"},"content":{"rendered":"\n<p>Ante el frente judicial que se abre y en medio de los cuestionamientos del grueso de la oposici\u00f3n, el Gobierno busc\u00f3&nbsp;rodear de respaldo pol\u00edtico la decisi\u00f3n que tom\u00f3 el presidente Alberto Fern\u00e1ndez de recortar en 1,18 el porcentaje de&nbsp;coparticipaci\u00f3n de la Ciudad&nbsp;para traspasarle m\u00e1s fondos a la provincia de Buenos Aires.&nbsp;<\/p>\n\n\n\n<p>El d\u00eda despu\u00e9s al anuncio&nbsp;se intensificaron los contactos entre ministros y funcionarios del Gobierno con gobernadores&nbsp;<strong>para que desde las provincias se explicite un apoyo a la medida<\/strong>, que contrasta&nbsp;con la postura que fijaron&nbsp;ante&nbsp;aquel decreto de necesidad y urgencia que firm\u00f3 Mauricio Macri para aumentar la coparticipaci\u00f3n de la Ciudad de 1,4 a 3,75%, en virtud del traspaso de la Polic\u00eda Federal.<\/p>\n\n\n\n<p>Precisamente fue ante el reclamo de los gobernadores que, dos a\u00f1os despu\u00e9s, Macri redujo ese porcentaje a 3,5%, que ahora Fern\u00e1ndez fij\u00f3 en 2,32%.&nbsp;<\/p>\n\n\n\n<p>Si bien los gobernadores&nbsp;<strong>Gerardo Zamora&nbsp;<\/strong>(Santiago del Estero) y&nbsp;<strong>Sergio U\u00f1ac<\/strong>&nbsp;(San Juan) ya se hab\u00edan pronunciado&nbsp;v\u00eda Twitter y se plegaron al reconocimiento que hizo Axel Kicillof hacia el Presidente por restituir los &#8220;recursos que hist\u00f3ricamente pertenecieron a los bonaerenses&#8221;,<strong>&nbsp;la intenci\u00f3n de la Casa Rosada fue anticiparse<\/strong>&nbsp;a la exposici\u00f3n de esta tarde del jefe de Gobierno porte\u00f1o, Horacio Rodr\u00edguez Larreta. Por eso, intensificaron&nbsp;los contactos para que los gobernadores del PJ y los aliados de partidos provinciales manifestaran&nbsp;su apoyo en bloque.<\/p>\n\n\n\n<p>Este jueves el jefe de Gabinete, Santiago Cafiero, tuvo por motivos de gesti\u00f3n&nbsp;dos encuentros virtuales con&nbsp;<strong>Alicia Kirchner&nbsp;<\/strong>(Santa Cruz) y&nbsp;<strong>Juan Manzur&nbsp;<\/strong>(Tucum\u00e1n). Y el ministro del Interior, Eduardo &#8220;Wado&#8221;&nbsp;De Pedro, cruz\u00f3 mensajes con un nutrido grupo de mandatarios.&nbsp;<\/p>\n\n\n\n<p>Fueron, finalmente 19 gobernadores que suscribieron un documento, titulado &#8220;Reducir desigualdades para una Argentina Federal&#8221;,&nbsp;en el que respaldan &#8220;la medida anunciada por el presidente Alberto Fern\u00e1ndez para empezar a corregir los desequilibrios de un pa\u00eds concentrado&#8221; y conf\u00edan en que permitir\u00e1 &#8220;reabrir el di\u00e1logo sobre la distribuci\u00f3n de recursos para evitar cualquier tipo de favoritismos en distribuci\u00f3n de fondos o proyectos&#8221;.<\/p>\n\n\n\n<p>Adem\u00e1s de Kicillof, U\u00f1ac y Zamora, y salvo los&nbsp;<em>cambiemitas<\/em>&nbsp;<strong>Gustavo Vald\u00e9s<\/strong>&nbsp;(Corrientes),&nbsp;<strong>Gerardo Morales&nbsp;<\/strong>(Jujuy) y&nbsp;<strong>Rodolfo Su\u00e1rez<\/strong>&nbsp;(Mendoza);&nbsp;y el peronista&nbsp;juan Schiaretti (C\u00f3rdoba), firmaron todos los gobernadores. Incluidos dirigentes que tuvieron buena relaci\u00f3n con Macri, como Omar Guti\u00e9rrez (Neuqu\u00e9n) y Gustavo S\u00e1enz (Salta).&nbsp;<\/p>\n","protected":false},"excerpt":{"rendered":"<p>Ante el frente judicial que se abre y en medio de los cuestionamientos del grueso de la oposici\u00f3n, el Gobierno busc\u00f3&nbsp;rodear de respaldo pol\u00edtico la decisi\u00f3n que tom\u00f3 el presidente Alberto Fern\u00e1ndez de recortar en 1,18 el porcentaje de&nbsp;coparticipaci\u00f3n de la Ciudad&nbsp;para traspasarle m\u00e1s fondos a la provincia de Buenos Aires.&nbsp; El d\u00eda despu\u00e9s al [&hellip;]<\/p>\n","protected":false},"author":2,"featured_media":5369,"comment_status":"open","ping_status":"open","sticky":false,"template":"","format":"standard","meta":{"tdm_status":"","tdm_grid_status":"","_joinchat":[],"footnotes":""},"categories":[73],"tags":[],"class_list":{"0":"post-5368","1":"post","2":"type-post","3":"status-publish","4":"format-standard","5":"has-post-thumbnail","7":"category-noticias-general"},"amp_enabled":true,"_links":{"self":[{"href":"https:\/\/www.todoeldia.com\/index.php\/wp-json\/wp\/v2\/posts\/5368","targetHints":{"allow":["GET"]}}],"collection":[{"href":"https:\/\/www.todoeldia.com\/index.php\/wp-json\/wp\/v2\/posts"}],"about":[{"href":"https:\/\/www.todoeldia.com\/index.php\/wp-json\/wp\/v2\/types\/post"}],"author":[{"embeddable":true,"href":"https:\/\/www.todoeldia.com\/index.php\/wp-json\/wp\/v2\/users\/2"}],"replies":[{"embeddable":true,"href":"https:\/\/www.todoeldia.com\/index.php\/wp-json\/wp\/v2\/comments?post=5368"}],"version-history":[{"count":2,"href":"https:\/\/www.todoeldia.com\/index.php\/wp-json\/wp\/v2\/posts\/5368\/revisions"}],"predecessor-version":[{"id":5374,"href":"https:\/\/www.todoeldia.com\/index.php\/wp-json\/wp\/v2\/posts\/5368\/revisions\/5374"}],"wp:featuredmedia":[{"embeddable":true,"href":"https:\/\/www.todoeldia.com\/index.php\/wp-json\/wp\/v2\/media\/5369"}],"wp:attachment":[{"href":"https:\/\/www.todoeldia.com\/index.php\/wp-json\/wp\/v2\/media?parent=5368"}],"wp:term":[{"taxonomy":"category","embeddable":true,"href":"https:\/\/www.todoeldia.com\/index.php\/wp-json\/wp\/v2\/categories?post=5368"},{"taxonomy":"post_tag","embeddable":true,"href":"https:\/\/www.todoeldia.com\/index.php\/wp-json\/wp\/v2\/tags?post=5368"}],"curies":[{"name":"wp","href":"https:\/\/api.w.org\/{rel}","templated":true}]}}