{"id":53805,"date":"2023-02-22T12:19:47","date_gmt":"2023-02-22T15:19:47","guid":{"rendered":"https:\/\/www.todoeldia.com\/?p=53805"},"modified":"2023-02-22T12:19:49","modified_gmt":"2023-02-22T15:19:49","slug":"desde-manana-se-podran-consultar-los-padrones-provisorios-para-los-comicios-de-mayo","status":"publish","type":"post","link":"https:\/\/www.todoeldia.com\/index.php\/2023\/02\/22\/desde-manana-se-podran-consultar-los-padrones-provisorios-para-los-comicios-de-mayo\/","title":{"rendered":"Desde ma\u00f1ana se podr\u00e1n consultar los padrones provisorios para los comicios de mayo"},"content":{"rendered":"\n<p>El Tribunal Electoral de la Provincia comenzar\u00e1 desde ma\u00f1ana, jueves 23 de febrero, la exhibici\u00f3n de los padrones provisorios para las elecciones del pr\u00f3ximo 14 de mayo.<\/p>\n\n\n\n<p>Los ciudadanos y ciudadanas deber\u00e1n consultar el padr\u00f3n provisorio desde la p\u00e1gina web www.electoralsalta.gob.ar, pudiendo realizar desde el mismo m\u00f3dulo de consulta las observaciones en caso de encontrarse errores u omisiones.<\/p>\n\n\n\n<p>El per\u00edodo de tachas se extender\u00e1 hasta el pr\u00f3ximo 5 de marzo.<\/p>\n","protected":false},"excerpt":{"rendered":"<p>El Tribunal Electoral de la Provincia comenzar\u00e1 desde ma\u00f1ana, jueves 23 de febrero, la exhibici\u00f3n de los padrones provisorios para las elecciones del pr\u00f3ximo 14 de mayo. Los ciudadanos y ciudadanas deber\u00e1n consultar el padr\u00f3n provisorio desde la p\u00e1gina web www.electoralsalta.gob.ar, pudiendo realizar desde el mismo m\u00f3dulo de consulta las observaciones en caso de encontrarse [&hellip;]<\/p>\n","protected":false},"author":2,"featured_media":53806,"comment_status":"open","ping_status":"open","sticky":false,"template":"","format":"standard","meta":{"tdm_status":"","tdm_grid_status":"","_joinchat":[],"footnotes":""},"categories":[59],"tags":[],"class_list":{"0":"post-53805","1":"post","2":"type-post","3":"status-publish","4":"format-standard","5":"has-post-thumbnail","7":"category-politica"},"amp_enabled":true,"_links":{"self":[{"href":"https:\/\/www.todoeldia.com\/index.php\/wp-json\/wp\/v2\/posts\/53805","targetHints":{"allow":["GET"]}}],"collection":[{"href":"https:\/\/www.todoeldia.com\/index.php\/wp-json\/wp\/v2\/posts"}],"about":[{"href":"https:\/\/www.todoeldia.com\/index.php\/wp-json\/wp\/v2\/types\/post"}],"author":[{"embeddable":true,"href":"https:\/\/www.todoeldia.com\/index.php\/wp-json\/wp\/v2\/users\/2"}],"replies":[{"embeddable":true,"href":"https:\/\/www.todoeldia.com\/index.php\/wp-json\/wp\/v2\/comments?post=53805"}],"version-history":[{"count":1,"href":"https:\/\/www.todoeldia.com\/index.php\/wp-json\/wp\/v2\/posts\/53805\/revisions"}],"predecessor-version":[{"id":53807,"href":"https:\/\/www.todoeldia.com\/index.php\/wp-json\/wp\/v2\/posts\/53805\/revisions\/53807"}],"wp:featuredmedia":[{"embeddable":true,"href":"https:\/\/www.todoeldia.com\/index.php\/wp-json\/wp\/v2\/media\/53806"}],"wp:attachment":[{"href":"https:\/\/www.todoeldia.com\/index.php\/wp-json\/wp\/v2\/media?parent=53805"}],"wp:term":[{"taxonomy":"category","embeddable":true,"href":"https:\/\/www.todoeldia.com\/index.php\/wp-json\/wp\/v2\/categories?post=53805"},{"taxonomy":"post_tag","embeddable":true,"href":"https:\/\/www.todoeldia.com\/index.php\/wp-json\/wp\/v2\/tags?post=53805"}],"curies":[{"name":"wp","href":"https:\/\/api.w.org\/{rel}","templated":true}]}}