{"id":54033,"date":"2023-02-26T16:37:39","date_gmt":"2023-02-26T19:37:39","guid":{"rendered":"https:\/\/www.todoeldia.com\/?p=54033"},"modified":"2023-02-26T16:37:41","modified_gmt":"2023-02-26T19:37:41","slug":"atropello-mato-a-un-canillita-y-se-dio-a-la-fuga","status":"publish","type":"post","link":"https:\/\/www.todoeldia.com\/index.php\/2023\/02\/26\/atropello-mato-a-un-canillita-y-se-dio-a-la-fuga\/","title":{"rendered":"Atropello, mato a un canillita y se dio a la fuga"},"content":{"rendered":"\n<p>Esta ma\u00f1ana, personal de la Divisi\u00f3n Seguridad Urbana logr\u00f3 ubicar y detener a un hombre que momentos antes habr\u00eda protagonizado un siniestro vial en el que un ciclista perdi\u00f3 la vida.<\/p>\n\n\n\n<p>Minutos antes de las 8 la Polic\u00eda fue alertada sobre un siniestro vial en pasaje Pachi Gorriti entre Arenales y De\u00e1n Funes, donde un veh\u00edculo habr\u00eda colisionado a un ciclista y se dio a la fuga del lugar.<\/p>\n\n\n\n<p>En el lugar del hecho, profesionales de la salud confirmaron el deceso de la persona que se desplazaba en la bicicleta, un hombre mayor de edad y que trabajaba como canillita.<\/p>\n\n\n\n<p>Posteriormente y debido al aporte efectuado por testigos que informaron sobre la patente del veh\u00edculo que se dio a la fuga, se logr\u00f3 ubicar la camioneta Ford Eco Sport en la cochera de un domicilio en la calle Las Heras y su conductor, un hombre de 29 a\u00f1os fue detenido.<\/p>\n\n\n\n<p>Personal policial resguard\u00f3 el lugar del hecho y trabaj\u00f3 para establecer la identidad de la v\u00edctima, un hombre de 64 a\u00f1os.<\/p>\n\n\n\n<p>Seguridad Vial colabor\u00f3 realizando el test de alcoholemia al conductor aprehendido. Por su parte Criminal\u00edstica trabaj\u00f3 en el lugar para documentar el siniestro y levantar rastros que aporten a la causa.<\/p>\n\n\n\n<p>Tom\u00f3 intervenci\u00f3n la Fiscal\u00eda de Graves Atentados contra las Personas de la zona.<\/p>\n","protected":false},"excerpt":{"rendered":"<p>Esta ma\u00f1ana, personal de la Divisi\u00f3n Seguridad Urbana logr\u00f3 ubicar y detener a un hombre que momentos antes habr\u00eda protagonizado un siniestro vial en el que un ciclista perdi\u00f3 la vida. Minutos antes de las 8 la Polic\u00eda fue alertada sobre un siniestro vial en pasaje Pachi Gorriti entre Arenales y De\u00e1n Funes, donde un [&hellip;]<\/p>\n","protected":false},"author":2,"featured_media":54034,"comment_status":"open","ping_status":"open","sticky":false,"template":"","format":"standard","meta":{"tdm_status":"","tdm_grid_status":"","_joinchat":[],"footnotes":""},"categories":[63],"tags":[],"class_list":{"0":"post-54033","1":"post","2":"type-post","3":"status-publish","4":"format-standard","5":"has-post-thumbnail","7":"category-policiales"},"amp_enabled":true,"_links":{"self":[{"href":"https:\/\/www.todoeldia.com\/index.php\/wp-json\/wp\/v2\/posts\/54033","targetHints":{"allow":["GET"]}}],"collection":[{"href":"https:\/\/www.todoeldia.com\/index.php\/wp-json\/wp\/v2\/posts"}],"about":[{"href":"https:\/\/www.todoeldia.com\/index.php\/wp-json\/wp\/v2\/types\/post"}],"author":[{"embeddable":true,"href":"https:\/\/www.todoeldia.com\/index.php\/wp-json\/wp\/v2\/users\/2"}],"replies":[{"embeddable":true,"href":"https:\/\/www.todoeldia.com\/index.php\/wp-json\/wp\/v2\/comments?post=54033"}],"version-history":[{"count":1,"href":"https:\/\/www.todoeldia.com\/index.php\/wp-json\/wp\/v2\/posts\/54033\/revisions"}],"predecessor-version":[{"id":54035,"href":"https:\/\/www.todoeldia.com\/index.php\/wp-json\/wp\/v2\/posts\/54033\/revisions\/54035"}],"wp:featuredmedia":[{"embeddable":true,"href":"https:\/\/www.todoeldia.com\/index.php\/wp-json\/wp\/v2\/media\/54034"}],"wp:attachment":[{"href":"https:\/\/www.todoeldia.com\/index.php\/wp-json\/wp\/v2\/media?parent=54033"}],"wp:term":[{"taxonomy":"category","embeddable":true,"href":"https:\/\/www.todoeldia.com\/index.php\/wp-json\/wp\/v2\/categories?post=54033"},{"taxonomy":"post_tag","embeddable":true,"href":"https:\/\/www.todoeldia.com\/index.php\/wp-json\/wp\/v2\/tags?post=54033"}],"curies":[{"name":"wp","href":"https:\/\/api.w.org\/{rel}","templated":true}]}}